{"id":1885,"date":"2022-05-04T13:04:55","date_gmt":"2022-05-04T11:04:55","guid":{"rendered":"https:\/\/caffedelmondo.pl\/blog\/?p=1885"},"modified":"2022-07-06T12:31:14","modified_gmt":"2022-07-06T10:31:14","slug":"ekspres-do-kawy-funkcjonalna-przestrzen","status":"publish","type":"post","link":"https:\/\/caffedelmondo.pl\/blog\/ekspres-do-kawy-funkcjonalna-przestrzen\/","title":{"rendered":"Poradnik dla projektant\u00f3w kuchni biurowych &#8211; jak nie rozmieszcza\u0107 ekspresu."},"content":{"rendered":"\t\t<div data-elementor-type=\"wp-post\" data-elementor-id=\"1885\" class=\"elementor elementor-1885\" data-elementor-settings=\"[]\">\n\t\t\t\t\t\t\t<div class=\"elementor-section-wrap\">\n\t\t\t\t\t\t\t<section class=\"elementor-section elementor-top-section elementor-element elementor-element-383d48e elementor-section-boxed elementor-section-height-default elementor-section-height-default\" data-id=\"383d48e\" data-element_type=\"section\">\n\t\t\t\t\t\t<div class=\"elementor-container elementor-column-gap-default\">\n\t\t\t\t\t<div class=\"elementor-column elementor-col-100 elementor-top-column elementor-element elementor-element-b12dfbf\" data-id=\"b12dfbf\" data-element_type=\"column\">\n\t\t\t<div class=\"elementor-widget-wrap elementor-element-populated\">\n\t\t\t\t\t\t\t\t<div class=\"elementor-element elementor-element-bb78c26 elementor-widget elementor-widget-heading\" data-id=\"bb78c26\" data-element_type=\"widget\" data-widget_type=\"heading.default\">\n\t\t\t\t<div class=\"elementor-widget-container\">\n\t\t\t<style>\/*! elementor - v3.5.1 - 20-12-2021 *\/\n.elementor-heading-title{padding:0;margin:0;line-height:1}.elementor-widget-heading .elementor-heading-title[class*=elementor-size-]>a{color:inherit;font-size:inherit;line-height:inherit}.elementor-widget-heading .elementor-heading-title.elementor-size-small{font-size:15px}.elementor-widget-heading .elementor-heading-title.elementor-size-medium{font-size:19px}.elementor-widget-heading .elementor-heading-title.elementor-size-large{font-size:29px}.elementor-widget-heading .elementor-heading-title.elementor-size-xl{font-size:39px}.elementor-widget-heading .elementor-heading-title.elementor-size-xxl{font-size:59px}<\/style><h2 class=\"elementor-heading-title elementor-size-default\">Projektowanie kuchni biurowej z uwzgl\u0119dnieniem ekspresu.<\/h2>\t\t<\/div>\n\t\t\t\t<\/div>\n\t\t\t\t\t<\/div>\n\t\t<\/div>\n\t\t\t\t\t\t\t<\/div>\n\t\t<\/section>\n\t\t\t\t<section class=\"elementor-section elementor-top-section elementor-element elementor-element-71965c8 elementor-section-boxed elementor-section-height-default elementor-section-height-default\" data-id=\"71965c8\" data-element_type=\"section\">\n\t\t\t\t\t\t<div class=\"elementor-container elementor-column-gap-default\">\n\t\t\t\t\t<div class=\"elementor-column elementor-col-100 elementor-top-column elementor-element elementor-element-0492761\" data-id=\"0492761\" data-element_type=\"column\">\n\t\t\t<div class=\"elementor-widget-wrap elementor-element-populated\">\n\t\t\t\t\t\t\t\t<div class=\"elementor-element elementor-element-e0c88b2 elementor-widget elementor-widget-text-editor\" data-id=\"e0c88b2\" data-element_type=\"widget\" data-widget_type=\"text-editor.default\">\n\t\t\t\t<div class=\"elementor-widget-container\">\n\t\t\t<style>\/*! elementor - v3.5.1 - 20-12-2021 *\/\n.elementor-widget-text-editor.elementor-drop-cap-view-stacked .elementor-drop-cap{background-color:#818a91;color:#fff}.elementor-widget-text-editor.elementor-drop-cap-view-framed .elementor-drop-cap{color:#818a91;border:3px solid;background-color:transparent}.elementor-widget-text-editor:not(.elementor-drop-cap-view-default) .elementor-drop-cap{margin-top:8px}.elementor-widget-text-editor:not(.elementor-drop-cap-view-default) .elementor-drop-cap-letter{width:1em;height:1em}.elementor-widget-text-editor .elementor-drop-cap{float:left;text-align:center;line-height:1;font-size:50px}.elementor-widget-text-editor .elementor-drop-cap-letter{display:inline-block}<\/style>\t\t\t\t<p><span class=\"TextRun SCXW132838738 BCX0\" lang=\"PL-PL\" xml:lang=\"PL-PL\" data-contrast=\"auto\"><span class=\"NormalTextRun SCXW132838738 BCX0\">Ka\u017cde biuro marzy o osobistym <strong>k\u0105ciku kawowym<\/strong>. Jak nie rozmieszcza\u0107 ekspresu, aby nie utrudnia\u0142 codziennych czynno\u015bci?<\/span><span class=\"NormalTextRun SCXW132838738 BCX0\">\u00a0Aran\u017cacja biura jest wizyt\u00f3wk\u0105, kt\u00f3ra m\u00f3wi nam o jako\u015bci \u015bwiadczonych us\u0142ug i estetyki ich wykonywania. Punkt kawowy w biurze powinien urealnia\u0107 g\u0142\u00f3wne wymagania dotycz\u0105ce <strong>wygody w u\u017cytkowaniu<\/strong>. Wn\u0119trze powinno posiada\u0107 schludny wygl\u0105d, a zarazem powinno spe\u0142nia\u0107 wymogi bezpiecze\u0144stwa i higieny. Prawid\u0142owe oszacowanie przysz\u0142ego miejsca na ekspres do kawy\u00a0<strong>zapobiegnie problemom<\/strong> przy jego monta\u017cu.\u00a0\u00a0<\/span><\/span><\/p>\t\t\t\t\t\t<\/div>\n\t\t\t\t<\/div>\n\t\t\t\t<div class=\"elementor-element elementor-element-0498ed5 elementor-widget elementor-widget-spacer\" data-id=\"0498ed5\" data-element_type=\"widget\" data-widget_type=\"spacer.default\">\n\t\t\t\t<div class=\"elementor-widget-container\">\n\t\t\t\t\t<div class=\"elementor-spacer\">\n\t\t\t<div class=\"elementor-spacer-inner\"><\/div>\n\t\t<\/div>\n\t\t\t\t<\/div>\n\t\t\t\t<\/div>\n\t\t\t\t\t<\/div>\n\t\t<\/div>\n\t\t\t\t\t\t\t<\/div>\n\t\t<\/section>\n\t\t\t\t<section class=\"elementor-section elementor-top-section elementor-element elementor-element-8b95925 elementor-section-boxed elementor-section-height-default elementor-section-height-default\" data-id=\"8b95925\" data-element_type=\"section\">\n\t\t\t\t\t\t<div class=\"elementor-container elementor-column-gap-default\">\n\t\t\t\t\t<div class=\"elementor-column elementor-col-100 elementor-top-column elementor-element elementor-element-9932fab\" data-id=\"9932fab\" data-element_type=\"column\">\n\t\t\t<div class=\"elementor-widget-wrap elementor-element-populated\">\n\t\t\t\t\t\t\t\t<div class=\"elementor-element elementor-element-ef03a3f elementor-widget elementor-widget-heading\" data-id=\"ef03a3f\" data-element_type=\"widget\" data-widget_type=\"heading.default\">\n\t\t\t\t<div class=\"elementor-widget-container\">\n\t\t\t<h2 class=\"elementor-heading-title elementor-size-default\">Jak\u0105 przestrze\u0144 potrzebujemy na ekspres.<\/h2>\t\t<\/div>\n\t\t\t\t<\/div>\n\t\t\t\t\t<\/div>\n\t\t<\/div>\n\t\t\t\t\t\t\t<\/div>\n\t\t<\/section>\n\t\t\t\t<section class=\"elementor-section elementor-top-section elementor-element elementor-element-4b510d0 elementor-section-boxed elementor-section-height-default elementor-section-height-default\" data-id=\"4b510d0\" data-element_type=\"section\">\n\t\t\t\t\t\t<div class=\"elementor-container elementor-column-gap-default\">\n\t\t\t\t\t<div class=\"elementor-column elementor-col-100 elementor-top-column elementor-element elementor-element-dea5045\" data-id=\"dea5045\" data-element_type=\"column\">\n\t\t\t<div class=\"elementor-widget-wrap elementor-element-populated\">\n\t\t\t\t\t\t\t\t<div class=\"elementor-element elementor-element-e11064e elementor-widget elementor-widget-text-editor\" data-id=\"e11064e\" data-element_type=\"widget\" data-widget_type=\"text-editor.default\">\n\t\t\t\t<div class=\"elementor-widget-container\">\n\t\t\t\t\t\t\tMiejsce przeznaczone do  relaksu i picia <a href=\"https:\/\/caffedelmondo.pl\/34-kawa\"> <span style=\"color: #ff7600;\"> kawy <\/span> <\/a>mo\u017ce by\u0107 prawdziw\u0105<strong> oaz\u0105 w firmie<\/strong>. Opr\u00f3cz doboru mebli oraz ekspresu do kawy nale\u017cy zastanowi\u0107 si\u0119 nad dostosowaniem wn\u0119trza, aby <strong>korzystanie z ekspresu by\u0142o przyjemno\u015bci\u0105<\/strong>. Ekspres do kawy powinien by\u0107 ustawiony tak, aby m\u00f3c wykonywa\u0107 rutynowe czynno\u015bci. Bardzo wa\u017cny jest dost\u0119p do wszystkich modu\u0142\u00f3w oraz zbiornik\u00f3w, aby unikn\u0105\u0107 niepotrzebnego przesuwania ekspresu\u00a0 lub wyci\u0105gania go z zabudowy.<span style=\"color: var( --e-global-color-text );\"> Oczywistym punktem jest znalezienie miejsca w pobli\u017cu gniazdka. Decyzja dotycz\u0105ca pod\u0142\u0105czenia ekspresu do \u017ar\u00f3d\u0142a wody zmusza nas do znalezienia miejsca gdzie b\u0119dzie to mo\u017cliwe. Umieszczenie ekspresu w pobli\u017cu kosza na \u015bmieci u\u0142atwi pozbywanie si\u0119 odpadk\u00f3w. Ekspres przy lod\u00f3wce ograniczy w\u0119dr\u00f3wki do innego pomieszczenia po mleko. Ciekaw\u0105 opcj\u0105 jest zainwestowanie w <a href=\"https:\/\/caffedelmondo.pl\/74-chlodziarki\">ch\u0142odziark\u0119 do mleka<\/a>. Dzi\u0119ki ch\u0142odziarce, mleko zawsze b\u0119dzie\u00a0 \u015bwie\u017ce i pod r\u0119k\u0105, a samo wyposa\u017cenie <strong>b\u0119dzie \u0142adnie si\u0119 prezentowa\u0107<\/strong>. Szafka na fili\u017canki stanowi element ozdobny, ale i praktyczny, dlatego warto go mie\u0107 blisko ekspresu.\u00a0<\/span>\t\t\t\t\t\t<\/div>\n\t\t\t\t<\/div>\n\t\t\t\t\t<\/div>\n\t\t<\/div>\n\t\t\t\t\t\t\t<\/div>\n\t\t<\/section>\n\t\t\t\t<section class=\"elementor-section elementor-top-section elementor-element elementor-element-451a2bf elementor-section-boxed elementor-section-height-default elementor-section-height-default\" data-id=\"451a2bf\" data-element_type=\"section\">\n\t\t\t\t\t\t<div class=\"elementor-container elementor-column-gap-default\">\n\t\t\t\t\t<div class=\"elementor-column elementor-col-100 elementor-top-column elementor-element elementor-element-f37b2ba\" data-id=\"f37b2ba\" data-element_type=\"column\">\n\t\t\t<div class=\"elementor-widget-wrap elementor-element-populated\">\n\t\t\t\t\t\t\t\t<div class=\"elementor-element elementor-element-238f3be elementor-widget elementor-widget-heading\" data-id=\"238f3be\" data-element_type=\"widget\" data-widget_type=\"heading.default\">\n\t\t\t\t<div class=\"elementor-widget-container\">\n\t\t\t<h3 class=\"elementor-heading-title elementor-size-default\">Kuchnia biurowa - wa\u017cne szczeg\u00f3\u0142y przy projektowaniu <\/h3>\t\t<\/div>\n\t\t\t\t<\/div>\n\t\t\t\t<div class=\"elementor-element elementor-element-8e8ab2f elementor-widget elementor-widget-image\" data-id=\"8e8ab2f\" data-element_type=\"widget\" data-widget_type=\"image.default\">\n\t\t\t\t<div class=\"elementor-widget-container\">\n\t\t\t<style>\/*! elementor - v3.5.1 - 20-12-2021 *\/\n.elementor-widget-image{text-align:center}.elementor-widget-image a{display:inline-block}.elementor-widget-image a img[src$=\".svg\"]{width:48px}.elementor-widget-image img{vertical-align:middle;display:inline-block}<\/style>\t\t\t\t\t\t\t\t\t\t\t\t<img loading=\"lazy\" decoding=\"async\" width=\"1024\" height=\"724\" src=\"https:\/\/caffedelmondo.pl\/blog\/wp-content\/uploads\/2022\/05\/jura-e8-1024x724.png\" class=\"attachment-large size-large\" alt=\"\" srcset=\"https:\/\/caffedelmondo.pl\/blog\/wp-content\/uploads\/2022\/05\/jura-e8-1024x724.png 1024w, https:\/\/caffedelmondo.pl\/blog\/wp-content\/uploads\/2022\/05\/jura-e8-300x212.png 300w, https:\/\/caffedelmondo.pl\/blog\/wp-content\/uploads\/2022\/05\/jura-e8-768x543.png 768w, https:\/\/caffedelmondo.pl\/blog\/wp-content\/uploads\/2022\/05\/jura-e8-1536x1086.png 1536w\" sizes=\"auto, (max-width: 1024px) 100vw, 1024px\" \/>\t\t\t\t\t\t\t\t\t\t\t\t\t\t\t<\/div>\n\t\t\t\t<\/div>\n\t\t\t\t<div class=\"elementor-element elementor-element-338b084 elementor-widget elementor-widget-image\" data-id=\"338b084\" data-element_type=\"widget\" data-widget_type=\"image.default\">\n\t\t\t\t<div class=\"elementor-widget-container\">\n\t\t\t\t\t\t\t\t\t\t\t\t\t\t\t<img loading=\"lazy\" decoding=\"async\" width=\"1024\" height=\"724\" src=\"https:\/\/caffedelmondo.pl\/blog\/wp-content\/uploads\/2022\/05\/Bez-nazwy-4-Odzyskane-1024x724.png\" class=\"attachment-large size-large\" alt=\"\" srcset=\"https:\/\/caffedelmondo.pl\/blog\/wp-content\/uploads\/2022\/05\/Bez-nazwy-4-Odzyskane-1024x724.png 1024w, https:\/\/caffedelmondo.pl\/blog\/wp-content\/uploads\/2022\/05\/Bez-nazwy-4-Odzyskane-300x212.png 300w, https:\/\/caffedelmondo.pl\/blog\/wp-content\/uploads\/2022\/05\/Bez-nazwy-4-Odzyskane-768x543.png 768w, https:\/\/caffedelmondo.pl\/blog\/wp-content\/uploads\/2022\/05\/Bez-nazwy-4-Odzyskane-1536x1086.png 1536w\" sizes=\"auto, (max-width: 1024px) 100vw, 1024px\" \/>\t\t\t\t\t\t\t\t\t\t\t\t\t\t\t<\/div>\n\t\t\t\t<\/div>\n\t\t\t\t<div class=\"elementor-element elementor-element-51cd519 elementor-widget elementor-widget-image\" data-id=\"51cd519\" data-element_type=\"widget\" data-widget_type=\"image.default\">\n\t\t\t\t<div class=\"elementor-widget-container\">\n\t\t\t\t\t\t\t\t\t\t\t\t\t\t\t<img loading=\"lazy\" decoding=\"async\" width=\"1024\" height=\"724\" src=\"https:\/\/caffedelmondo.pl\/blog\/wp-content\/uploads\/2022\/05\/Franke-A600-3-1024x724.png\" class=\"attachment-large size-large\" alt=\"\" srcset=\"https:\/\/caffedelmondo.pl\/blog\/wp-content\/uploads\/2022\/05\/Franke-A600-3-1024x724.png 1024w, https:\/\/caffedelmondo.pl\/blog\/wp-content\/uploads\/2022\/05\/Franke-A600-3-300x212.png 300w, https:\/\/caffedelmondo.pl\/blog\/wp-content\/uploads\/2022\/05\/Franke-A600-3-768x543.png 768w, https:\/\/caffedelmondo.pl\/blog\/wp-content\/uploads\/2022\/05\/Franke-A600-3-1536x1086.png 1536w\" sizes=\"auto, (max-width: 1024px) 100vw, 1024px\" \/>\t\t\t\t\t\t\t\t\t\t\t\t\t\t\t<\/div>\n\t\t\t\t<\/div>\n\t\t\t\t\t<\/div>\n\t\t<\/div>\n\t\t\t\t\t\t\t<\/div>\n\t\t<\/section>\n\t\t\t\t<section class=\"elementor-section elementor-top-section elementor-element elementor-element-9141db3 elementor-section-boxed elementor-section-height-default elementor-section-height-default\" data-id=\"9141db3\" data-element_type=\"section\">\n\t\t\t\t\t\t<div class=\"elementor-container elementor-column-gap-default\">\n\t\t\t\t\t<div class=\"elementor-column elementor-col-100 elementor-top-column elementor-element elementor-element-36e3674\" data-id=\"36e3674\" data-element_type=\"column\">\n\t\t\t<div class=\"elementor-widget-wrap elementor-element-populated\">\n\t\t\t\t\t\t\t\t<div class=\"elementor-element elementor-element-a0dccaf elementor-widget-divider--view-line elementor-widget elementor-widget-divider\" data-id=\"a0dccaf\" data-element_type=\"widget\" data-widget_type=\"divider.default\">\n\t\t\t\t<div class=\"elementor-widget-container\">\n\t\t\t<style>\/*! elementor - v3.5.1 - 20-12-2021 *\/\n.elementor-widget-divider{--divider-border-style:none;--divider-border-width:1px;--divider-color:#2c2c2c;--divider-icon-size:20px;--divider-element-spacing:10px;--divider-pattern-height:24px;--divider-pattern-size:20px;--divider-pattern-url:none;--divider-pattern-repeat:repeat-x}.elementor-widget-divider .elementor-divider{display:-webkit-box;display:-ms-flexbox;display:flex}.elementor-widget-divider .elementor-divider__text{font-size:15px;line-height:1;max-width:95%}.elementor-widget-divider .elementor-divider__element{margin:0 var(--divider-element-spacing);-ms-flex-negative:0;flex-shrink:0}.elementor-widget-divider .elementor-icon{font-size:var(--divider-icon-size)}.elementor-widget-divider .elementor-divider-separator{display:-webkit-box;display:-ms-flexbox;display:flex;margin:0;direction:ltr}.elementor-widget-divider--view-line_icon .elementor-divider-separator,.elementor-widget-divider--view-line_text .elementor-divider-separator{-webkit-box-align:center;-ms-flex-align:center;align-items:center}.elementor-widget-divider--view-line_icon .elementor-divider-separator:after,.elementor-widget-divider--view-line_icon .elementor-divider-separator:before,.elementor-widget-divider--view-line_text .elementor-divider-separator:after,.elementor-widget-divider--view-line_text .elementor-divider-separator:before{display:block;content:\"\";border-bottom:0;-webkit-box-flex:1;-ms-flex-positive:1;flex-grow:1;border-top:var(--divider-border-width) var(--divider-border-style) var(--divider-color)}.elementor-widget-divider--element-align-left .elementor-divider .elementor-divider-separator>.elementor-divider__svg:first-of-type{-webkit-box-flex:0;-ms-flex-positive:0;flex-grow:0;-ms-flex-negative:100;flex-shrink:100}.elementor-widget-divider--element-align-left .elementor-divider-separator:before{content:none}.elementor-widget-divider--element-align-left .elementor-divider__element{margin-left:0}.elementor-widget-divider--element-align-right .elementor-divider .elementor-divider-separator>.elementor-divider__svg:last-of-type{-webkit-box-flex:0;-ms-flex-positive:0;flex-grow:0;-ms-flex-negative:100;flex-shrink:100}.elementor-widget-divider--element-align-right .elementor-divider-separator:after{content:none}.elementor-widget-divider--element-align-right .elementor-divider__element{margin-right:0}.elementor-widget-divider:not(.elementor-widget-divider--view-line_text):not(.elementor-widget-divider--view-line_icon) .elementor-divider-separator{border-top:var(--divider-border-width) var(--divider-border-style) var(--divider-color)}.elementor-widget-divider--separator-type-pattern{--divider-border-style:none}.elementor-widget-divider--separator-type-pattern.elementor-widget-divider--view-line .elementor-divider-separator,.elementor-widget-divider--separator-type-pattern:not(.elementor-widget-divider--view-line) .elementor-divider-separator:after,.elementor-widget-divider--separator-type-pattern:not(.elementor-widget-divider--view-line) .elementor-divider-separator:before,.elementor-widget-divider--separator-type-pattern:not([class*=elementor-widget-divider--view]) .elementor-divider-separator{width:100%;min-height:var(--divider-pattern-height);-webkit-mask-size:var(--divider-pattern-size) 100%;mask-size:var(--divider-pattern-size) 100%;-webkit-mask-repeat:var(--divider-pattern-repeat);mask-repeat:var(--divider-pattern-repeat);background-color:var(--divider-color);-webkit-mask-image:var(--divider-pattern-url);mask-image:var(--divider-pattern-url)}.elementor-widget-divider--no-spacing{--divider-pattern-size:auto}.elementor-widget-divider--bg-round{--divider-pattern-repeat:round}.rtl .elementor-widget-divider .elementor-divider__text{direction:rtl}<\/style>\t\t<div class=\"elementor-divider\">\n\t\t\t<span class=\"elementor-divider-separator\">\n\t\t\t\t\t\t<\/span>\n\t\t<\/div>\n\t\t\t\t<\/div>\n\t\t\t\t<\/div>\n\t\t\t\t<div class=\"elementor-element elementor-element-2e2f1d1 elementor-widget elementor-widget-heading\" data-id=\"2e2f1d1\" data-element_type=\"widget\" data-widget_type=\"heading.default\">\n\t\t\t\t<div class=\"elementor-widget-container\">\n\t\t\t<h2 class=\"elementor-heading-title elementor-size-default\">G\u0142\u00f3wne czynniki wp\u0142ywaj\u0105ce na monta\u017c ekspresu<\/h2>\t\t<\/div>\n\t\t\t\t<\/div>\n\t\t\t\t<div class=\"elementor-element elementor-element-42fce2c elementor-widget elementor-widget-text-editor\" data-id=\"42fce2c\" data-element_type=\"widget\" data-widget_type=\"text-editor.default\">\n\t\t\t\t<div class=\"elementor-widget-container\">\n\t\t\t\t\t\t\tWymiary to jedna z <strong>najistotniejszych kwestii<\/strong> przy wyborze <a href=\"https:\/\/caffedelmondo.pl\/15-ekspresy-do-biura\">ekspresu do biura<\/a>. W zale\u017cno\u015bci od <span style=\"color: #fffff;\">rozmiaru<\/span> miejsca przeznaczonego na ekspres, pojawiaj\u0105 si\u0119 ro\u017cne opcje monta\u017cu. Wymiary, kt\u00f3re musz\u0105 by\u0107 uwzgl\u0119dnione to <strong>szeroko\u015b\u0107, wysoko\u015b\u0107 i g\u0142\u0119boko\u015b\u0107<\/strong> urz\u0105dzenia. Przy okazji warto sprawdzi\u0107 wag\u0119 ekspresu i dodatkowych <\/span><span class=\"SpellingError SCXW41920980 BCX0\">akcesori\u00f3w<\/span><span class=\"NormalTextRun SCXW41920980 BCX0\">, aby znale\u017a\u0107 miejsce, kt\u00f3re utrzyma urz\u0105dzenie. Dzi\u0119ki tym podstawowym informacjom sprawnie umiejscowimy nasz ekspres. <\/span><\/span>Nieprawid\u0142owe zmierzenie odleg\u0142o\u015bci <strong>mo\u017ce skutkowa\u0107 problemami<\/strong> z wkomponowaniem ekspresu. W niekt\u00f3rych przypadkach wymagana jest modyfikacja lub ca\u0142kowite zdj\u0119cie mebla, kt\u00f3ry przeszkadza w monta\u017cu.\t\t\t\t\t\t<\/div>\n\t\t\t\t<\/div>\n\t\t\t\t\t<\/div>\n\t\t<\/div>\n\t\t\t\t\t\t\t<\/div>\n\t\t<\/section>\n\t\t\t\t<section class=\"elementor-section elementor-top-section elementor-element elementor-element-71a7953 elementor-section-boxed elementor-section-height-default elementor-section-height-default\" data-id=\"71a7953\" data-element_type=\"section\">\n\t\t\t\t\t\t<div class=\"elementor-container elementor-column-gap-default\">\n\t\t\t\t\t<div class=\"elementor-column elementor-col-100 elementor-top-column elementor-element elementor-element-6d1f708\" data-id=\"6d1f708\" data-element_type=\"column\">\n\t\t\t<div class=\"elementor-widget-wrap elementor-element-populated\">\n\t\t\t\t\t\t\t\t<div class=\"elementor-element elementor-element-ed08516 elementor-widget elementor-widget-spacer\" data-id=\"ed08516\" data-element_type=\"widget\" data-widget_type=\"spacer.default\">\n\t\t\t\t<div class=\"elementor-widget-container\">\n\t\t\t\t\t<div class=\"elementor-spacer\">\n\t\t\t<div class=\"elementor-spacer-inner\"><\/div>\n\t\t<\/div>\n\t\t\t\t<\/div>\n\t\t\t\t<\/div>\n\t\t\t\t<div class=\"elementor-element elementor-element-ba3ad0f elementor-widget elementor-widget-heading\" data-id=\"ba3ad0f\" data-element_type=\"widget\" data-widget_type=\"heading.default\">\n\t\t\t\t<div class=\"elementor-widget-container\">\n\t\t\t<h3 class=\"elementor-heading-title elementor-size-default\">Jakich miejsc unika\u0107? - jak nie rozmieszcza\u0107 ekspresu<\/h3>\t\t<\/div>\n\t\t\t\t<\/div>\n\t\t\t\t<div class=\"elementor-element elementor-element-cb5bf7f elementor-widget elementor-widget-text-editor\" data-id=\"cb5bf7f\" data-element_type=\"widget\" data-widget_type=\"text-editor.default\">\n\t\t\t\t<div class=\"elementor-widget-container\">\n\t\t\t\t\t\t\t<span class=\"TextRun SCXW228468621 BCX0\" lang=\"PL-PL\" xml:lang=\"PL-PL\" data-contrast=\"none\"><span class=\"NormalTextRun SCXW228468621 BCX0\">Ekspresy o <strong>wysokiej wydajno\u015bci<\/strong>  najcz\u0119\u015bciej charakteryzuj\u0105 si\u0119 du\u017cym ci\u0119\u017carem. Masywne urz\u0105dzenia musz\u0105 sta\u0107 na wytrzyma\u0142ym blacie lub stole. Nale\u017cy unika\u0107 miejsc, w kt\u00f3rych <strong>ekspres b\u0119dzie nara\u017cony na oddzia\u0142ywanie temperatury<\/strong> np. piekarnik lub kuchenka, kt\u00f3re mog\u0105 uszkodzi\u0107 urz\u0105dzenie. Nie polecane s\u0105 r\u00f3wnie\u017c miejsca <strong>obok zmywarek lub lod\u00f3wek<\/strong>, kt\u00f3re ogranicz\u0105 przestrze\u0144 i uniemo\u017cliwi\u0105 monta\u017c odp\u0142yw\u00f3w i przy\u0142\u0105cze\u0144.<\/span><\/span><span class=\"EOP SCXW228468621 BCX0\" data-ccp-props=\"{\">\u00a0<\/span>\t\t\t\t\t\t<\/div>\n\t\t\t\t<\/div>\n\t\t\t\t<div class=\"elementor-element elementor-element-9672743 elementor-widget elementor-widget-image\" data-id=\"9672743\" data-element_type=\"widget\" data-widget_type=\"image.default\">\n\t\t\t\t<div class=\"elementor-widget-container\">\n\t\t\t\t\t\t\t\t\t\t\t\t\t\t\t<img loading=\"lazy\" decoding=\"async\" width=\"1024\" height=\"662\" src=\"https:\/\/caffedelmondo.pl\/blog\/wp-content\/uploads\/2022\/05\/image-1024x662.png\" class=\"attachment-large size-large\" alt=\"\" srcset=\"https:\/\/caffedelmondo.pl\/blog\/wp-content\/uploads\/2022\/05\/image-1024x662.png 1024w, https:\/\/caffedelmondo.pl\/blog\/wp-content\/uploads\/2022\/05\/image-300x194.png 300w, https:\/\/caffedelmondo.pl\/blog\/wp-content\/uploads\/2022\/05\/image-768x497.png 768w, https:\/\/caffedelmondo.pl\/blog\/wp-content\/uploads\/2022\/05\/image-1536x994.png 1536w\" sizes=\"auto, (max-width: 1024px) 100vw, 1024px\" \/>\t\t\t\t\t\t\t\t\t\t\t\t\t\t\t<\/div>\n\t\t\t\t<\/div>\n\t\t\t\t<div class=\"elementor-element elementor-element-3f3347e elementor-widget elementor-widget-spacer\" data-id=\"3f3347e\" data-element_type=\"widget\" data-widget_type=\"spacer.default\">\n\t\t\t\t<div class=\"elementor-widget-container\">\n\t\t\t\t\t<div class=\"elementor-spacer\">\n\t\t\t<div class=\"elementor-spacer-inner\"><\/div>\n\t\t<\/div>\n\t\t\t\t<\/div>\n\t\t\t\t<\/div>\n\t\t\t\t\t<\/div>\n\t\t<\/div>\n\t\t\t\t\t\t\t<\/div>\n\t\t<\/section>\n\t\t\t\t<section class=\"elementor-section elementor-top-section elementor-element elementor-element-3b0dade elementor-section-boxed elementor-section-height-default elementor-section-height-default\" data-id=\"3b0dade\" data-element_type=\"section\">\n\t\t\t\t\t\t<div class=\"elementor-container elementor-column-gap-default\">\n\t\t\t\t\t<div class=\"elementor-column elementor-col-100 elementor-top-column elementor-element elementor-element-ba586ba\" data-id=\"ba586ba\" data-element_type=\"column\">\n\t\t\t<div class=\"elementor-widget-wrap elementor-element-populated\">\n\t\t\t\t\t\t\t\t<div class=\"elementor-element elementor-element-0e597ae elementor-widget elementor-widget-heading\" data-id=\"0e597ae\" data-element_type=\"widget\" data-widget_type=\"heading.default\">\n\t\t\t\t<div class=\"elementor-widget-container\">\n\t\t\t<h3 class=\"elementor-heading-title elementor-size-default\">Ekspres prawie na styk, czyli problem z nasypaniem kawy <\/h3>\t\t<\/div>\n\t\t\t\t<\/div>\n\t\t\t\t<div class=\"elementor-element elementor-element-4946d0f elementor-widget elementor-widget-text-editor\" data-id=\"4946d0f\" data-element_type=\"widget\" data-widget_type=\"text-editor.default\">\n\t\t\t\t<div class=\"elementor-widget-container\">\n\t\t\t\t\t\t\t<p>Zachowanie <strong>nie dostatecznej ilo\u015bci przestrzeni<\/strong> dla wygodnego wsypania ziaren kawy, <strong>b\u0119dzie utrudnia\u0107<\/strong> codzienne przygotowanie ekspresu do dzia\u0142ania.\u00a0\u00a0<\/p>\t\t\t\t\t\t<\/div>\n\t\t\t\t<\/div>\n\t\t\t\t<div class=\"elementor-element elementor-element-afb2bae elementor-widget elementor-widget-image\" data-id=\"afb2bae\" data-element_type=\"widget\" data-widget_type=\"image.default\">\n\t\t\t\t<div class=\"elementor-widget-container\">\n\t\t\t\t\t\t\t\t\t\t\t\t\t\t\t<img loading=\"lazy\" decoding=\"async\" width=\"1024\" height=\"455\" src=\"https:\/\/caffedelmondo.pl\/blog\/wp-content\/uploads\/2022\/05\/Prawie-na-styk-1024x455.png\" class=\"attachment-large size-large\" alt=\"\" srcset=\"https:\/\/caffedelmondo.pl\/blog\/wp-content\/uploads\/2022\/05\/Prawie-na-styk-1024x455.png 1024w, https:\/\/caffedelmondo.pl\/blog\/wp-content\/uploads\/2022\/05\/Prawie-na-styk-300x133.png 300w, https:\/\/caffedelmondo.pl\/blog\/wp-content\/uploads\/2022\/05\/Prawie-na-styk-768x341.png 768w, https:\/\/caffedelmondo.pl\/blog\/wp-content\/uploads\/2022\/05\/Prawie-na-styk-1536x683.png 1536w\" sizes=\"auto, (max-width: 1024px) 100vw, 1024px\" \/>\t\t\t\t\t\t\t\t\t\t\t\t\t\t\t<\/div>\n\t\t\t\t<\/div>\n\t\t\t\t\t<\/div>\n\t\t<\/div>\n\t\t\t\t\t\t\t<\/div>\n\t\t<\/section>\n\t\t\t\t<section class=\"elementor-section elementor-top-section elementor-element elementor-element-72dfb4c elementor-section-boxed elementor-section-height-default elementor-section-height-default\" data-id=\"72dfb4c\" data-element_type=\"section\">\n\t\t\t\t\t\t<div class=\"elementor-container elementor-column-gap-default\">\n\t\t\t\t\t<div class=\"elementor-column elementor-col-100 elementor-top-column elementor-element elementor-element-0695837\" data-id=\"0695837\" data-element_type=\"column\">\n\t\t\t<div class=\"elementor-widget-wrap elementor-element-populated\">\n\t\t\t\t\t\t\t\t<div class=\"elementor-element elementor-element-aceaf4d elementor-widget elementor-widget-spacer\" data-id=\"aceaf4d\" data-element_type=\"widget\" data-widget_type=\"spacer.default\">\n\t\t\t\t<div class=\"elementor-widget-container\">\n\t\t\t\t\t<div class=\"elementor-spacer\">\n\t\t\t<div class=\"elementor-spacer-inner\"><\/div>\n\t\t<\/div>\n\t\t\t\t<\/div>\n\t\t\t\t<\/div>\n\t\t\t\t<div class=\"elementor-element elementor-element-3f30b76 elementor-widget elementor-widget-heading\" data-id=\"3f30b76\" data-element_type=\"widget\" data-widget_type=\"heading.default\">\n\t\t\t\t<div class=\"elementor-widget-container\">\n\t\t\t<h2 class=\"elementor-heading-title elementor-size-default\"><span style=\"background-color: rgb(255, 255, 255); color: rgb(46, 26, 71); font-family: var( --e-global-typography-primary-font-family ), Sans-serif; font-weight: var( --e-global-typography-primary-font-weight ); text-align: center;\">Instalacja ekspresu - wp\u0142yw na elementy wyposa\u017cenia<\/span><\/h2>\t\t<\/div>\n\t\t\t\t<\/div>\n\t\t\t\t<div class=\"elementor-element elementor-element-1fdbb30 elementor-widget elementor-widget-text-editor\" data-id=\"1fdbb30\" data-element_type=\"widget\" data-widget_type=\"text-editor.default\">\n\t\t\t\t<div class=\"elementor-widget-container\">\n\t\t\t\t\t\t\tMonta\u017c automatycznych funkcji ekspresu <strong>mo\u017ce wymaga\u0107 ingerencji w meble.<\/strong> Obszerno\u015b\u0107 zmian zale\u017cy od  rodzaju dodatkowej funkcji i rozmieszczenia mebli. W przypadkach zabudowanych kuchni mo\u017ce wyst\u0105pi\u0107 problem braku doj\u015bcia do zawor\u00f3w wodnych, kt\u00f3re uniemo\u017cliwi\u0105 instalacj\u0119. Nale\u017cy r\u00f3wnie\u017c sprawdzi\u0107 stan zawor\u00f3w, aby unikn\u0105\u0107\u00a0problem\u00f3w w monta\u017cu lub p\u00f3\u017aniejszych awarii.<span data-ccp-props=\"{\">\u00a0<\/span>\t\t\t\t\t\t<\/div>\n\t\t\t\t<\/div>\n\t\t\t\t<div class=\"elementor-element elementor-element-e722983 elementor-widget elementor-widget-spacer\" data-id=\"e722983\" data-element_type=\"widget\" data-widget_type=\"spacer.default\">\n\t\t\t\t<div class=\"elementor-widget-container\">\n\t\t\t\t\t<div class=\"elementor-spacer\">\n\t\t\t<div class=\"elementor-spacer-inner\"><\/div>\n\t\t<\/div>\n\t\t\t\t<\/div>\n\t\t\t\t<\/div>\n\t\t\t\t\t<\/div>\n\t\t<\/div>\n\t\t\t\t\t\t\t<\/div>\n\t\t<\/section>\n\t\t\t\t<section class=\"elementor-section elementor-top-section elementor-element elementor-element-9103430 elementor-section-boxed elementor-section-height-default elementor-section-height-default\" data-id=\"9103430\" data-element_type=\"section\">\n\t\t\t\t\t\t<div class=\"elementor-container elementor-column-gap-default\">\n\t\t\t\t\t<div class=\"elementor-column elementor-col-100 elementor-top-column elementor-element elementor-element-57da6e4\" data-id=\"57da6e4\" data-element_type=\"column\">\n\t\t\t<div class=\"elementor-widget-wrap elementor-element-populated\">\n\t\t\t\t\t\t\t\t<div class=\"elementor-element elementor-element-6596b27 elementor-widget elementor-widget-heading\" data-id=\"6596b27\" data-element_type=\"widget\" data-widget_type=\"heading.default\">\n\t\t\t\t<div class=\"elementor-widget-container\">\n\t\t\t<h3 class=\"elementor-heading-title elementor-size-default\">Ekstremalne modyfikacje szafek kuchennych - brak dost\u0119pu do pojemnika na ziarno kawy<\/h3>\t\t<\/div>\n\t\t\t\t<\/div>\n\t\t\t\t\t<\/div>\n\t\t<\/div>\n\t\t\t\t\t\t\t<\/div>\n\t\t<\/section>\n\t\t\t\t<section class=\"elementor-section elementor-top-section elementor-element elementor-element-0d4929d elementor-section-boxed elementor-section-height-default elementor-section-height-default\" data-id=\"0d4929d\" data-element_type=\"section\">\n\t\t\t\t\t\t<div class=\"elementor-container elementor-column-gap-default\">\n\t\t\t\t\t<div class=\"elementor-column elementor-col-100 elementor-top-column elementor-element elementor-element-8579acd\" data-id=\"8579acd\" data-element_type=\"column\">\n\t\t\t<div class=\"elementor-widget-wrap elementor-element-populated\">\n\t\t\t\t\t\t\t\t<div class=\"elementor-element elementor-element-c73102d elementor-widget elementor-widget-image\" data-id=\"c73102d\" data-element_type=\"widget\" data-widget_type=\"image.default\">\n\t\t\t\t<div class=\"elementor-widget-container\">\n\t\t\t\t\t\t\t\t\t\t\t\t\t\t\t<img loading=\"lazy\" decoding=\"async\" width=\"1024\" height=\"683\" src=\"https:\/\/caffedelmondo.pl\/blog\/wp-content\/uploads\/2022\/05\/Bez-nazwy-1-1-1-1024x683.png\" class=\"attachment-large size-large\" alt=\"\" srcset=\"https:\/\/caffedelmondo.pl\/blog\/wp-content\/uploads\/2022\/05\/Bez-nazwy-1-1-1-1024x683.png 1024w, https:\/\/caffedelmondo.pl\/blog\/wp-content\/uploads\/2022\/05\/Bez-nazwy-1-1-1-300x200.png 300w, https:\/\/caffedelmondo.pl\/blog\/wp-content\/uploads\/2022\/05\/Bez-nazwy-1-1-1-768x512.png 768w, https:\/\/caffedelmondo.pl\/blog\/wp-content\/uploads\/2022\/05\/Bez-nazwy-1-1-1-1536x1024.png 1536w, https:\/\/caffedelmondo.pl\/blog\/wp-content\/uploads\/2022\/05\/Bez-nazwy-1-1-1-600x400.png 600w, https:\/\/caffedelmondo.pl\/blog\/wp-content\/uploads\/2022\/05\/Bez-nazwy-1-1-1-900x600.png 900w\" sizes=\"auto, (max-width: 1024px) 100vw, 1024px\" \/>\t\t\t\t\t\t\t\t\t\t\t\t\t\t\t<\/div>\n\t\t\t\t<\/div>\n\t\t\t\t<div class=\"elementor-element elementor-element-a3e2337 elementor-widget elementor-widget-image\" data-id=\"a3e2337\" data-element_type=\"widget\" data-widget_type=\"image.default\">\n\t\t\t\t<div class=\"elementor-widget-container\">\n\t\t\t\t\t\t\t\t\t\t\t\t\t\t\t<img loading=\"lazy\" decoding=\"async\" width=\"1024\" height=\"661\" src=\"https:\/\/caffedelmondo.pl\/blog\/wp-content\/uploads\/2022\/05\/sad-1-1024x661.png\" class=\"attachment-large size-large\" alt=\"\" srcset=\"https:\/\/caffedelmondo.pl\/blog\/wp-content\/uploads\/2022\/05\/sad-1-1024x661.png 1024w, https:\/\/caffedelmondo.pl\/blog\/wp-content\/uploads\/2022\/05\/sad-1-300x194.png 300w, https:\/\/caffedelmondo.pl\/blog\/wp-content\/uploads\/2022\/05\/sad-1-768x496.png 768w, https:\/\/caffedelmondo.pl\/blog\/wp-content\/uploads\/2022\/05\/sad-1-1536x992.png 1536w\" sizes=\"auto, (max-width: 1024px) 100vw, 1024px\" \/>\t\t\t\t\t\t\t\t\t\t\t\t\t\t\t<\/div>\n\t\t\t\t<\/div>\n\t\t\t\t\t<\/div>\n\t\t<\/div>\n\t\t\t\t\t\t\t<\/div>\n\t\t<\/section>\n\t\t\t\t<section class=\"elementor-section elementor-top-section elementor-element elementor-element-29cc273 elementor-section-boxed elementor-section-height-default elementor-section-height-default\" data-id=\"29cc273\" data-element_type=\"section\">\n\t\t\t\t\t\t<div class=\"elementor-container elementor-column-gap-default\">\n\t\t\t\t\t<div class=\"elementor-column elementor-col-100 elementor-top-column elementor-element elementor-element-dd14943\" data-id=\"dd14943\" data-element_type=\"column\">\n\t\t\t<div class=\"elementor-widget-wrap elementor-element-populated\">\n\t\t\t\t\t\t\t\t<div class=\"elementor-element elementor-element-c3d0edb elementor-widget-divider--view-line elementor-widget elementor-widget-divider\" data-id=\"c3d0edb\" data-element_type=\"widget\" data-widget_type=\"divider.default\">\n\t\t\t\t<div class=\"elementor-widget-container\">\n\t\t\t\t\t<div class=\"elementor-divider\">\n\t\t\t<span class=\"elementor-divider-separator\">\n\t\t\t\t\t\t<\/span>\n\t\t<\/div>\n\t\t\t\t<\/div>\n\t\t\t\t<\/div>\n\t\t\t\t<div class=\"elementor-element elementor-element-dd09a72 elementor-widget elementor-widget-heading\" data-id=\"dd09a72\" data-element_type=\"widget\" data-widget_type=\"heading.default\">\n\t\t\t\t<div class=\"elementor-widget-container\">\n\t\t\t<h3 class=\"elementor-heading-title elementor-size-default\">Pod\u0142\u0105czenie do \u017ar\u00f3d\u0142a wody i filtracja<\/h3>\t\t<\/div>\n\t\t\t\t<\/div>\n\t\t\t\t<div class=\"elementor-element elementor-element-f36651c elementor-widget elementor-widget-text-editor\" data-id=\"f36651c\" data-element_type=\"widget\" data-widget_type=\"text-editor.default\">\n\t\t\t\t<div class=\"elementor-widget-container\">\n\t\t\t\t\t\t\tPrzy u\u017cyciu opcji  <strong>pod\u0142\u0105czenia do \u017ar\u00f3d\u0142a wody<\/strong>, przewody s\u0105 przepuszczane za szafkami. Wa\u017cne, aby przed monta\u017cem zaznaczy\u0107, czy wyst\u0119puje dost\u0119p do zawor\u00f3w oraz, \u017ce nie s\u0105 ukryte za listwami. Instalacja czasami\u00a0<b>wymaga zdj\u0119cia listwy pod\u0142ogowej<\/b>, aby pod\u0142\u0105czy\u0107 przew\u00f3d. Brak owej mo\u017cliwo\u015bci mo\u017ce wymaga\u0107\u00a0<b>wywiercenie otworu<\/b>\u00a0( 0,5 &#8211; 1cm ) na przew\u00f3d wodny. Dodatkowo pod zlewem jest montowany filtr z mo\u017cliwo\u015bci\u0105 podwieszenia w szafce, kt\u00f3ry\u00a0pozwala cz\u0119\u015bci wody filtrowanej omin\u0105\u0107 warstw\u0119 redukuj\u0105c\u0105 twardo\u015b\u0107 w\u0119glanow\u0105. Dzi\u0119ki temu zabiegowi otrzymamy wod\u0119 o twardo\u015bci bliskiej 4KH, kt\u00f3ra sprawi, \u017ce ekspres wydob\u0119dzie\u00a0<strong>wi\u0119cej smaku i aromatu kawy<\/strong>.\t\t\t\t\t\t<\/div>\n\t\t\t\t<\/div>\n\t\t\t\t<div class=\"elementor-element elementor-element-8477f09 elementor-widget elementor-widget-spacer\" data-id=\"8477f09\" data-element_type=\"widget\" data-widget_type=\"spacer.default\">\n\t\t\t\t<div class=\"elementor-widget-container\">\n\t\t\t\t\t<div class=\"elementor-spacer\">\n\t\t\t<div class=\"elementor-spacer-inner\"><\/div>\n\t\t<\/div>\n\t\t\t\t<\/div>\n\t\t\t\t<\/div>\n\t\t\t\t\t<\/div>\n\t\t<\/div>\n\t\t\t\t\t\t\t<\/div>\n\t\t<\/section>\n\t\t\t\t<section class=\"elementor-section elementor-top-section elementor-element elementor-element-ad9a69f elementor-section-boxed elementor-section-height-default elementor-section-height-default\" data-id=\"ad9a69f\" data-element_type=\"section\">\n\t\t\t\t\t\t<div class=\"elementor-container elementor-column-gap-default\">\n\t\t\t\t\t<div class=\"elementor-column elementor-col-100 elementor-top-column elementor-element elementor-element-9c89250\" data-id=\"9c89250\" data-element_type=\"column\">\n\t\t\t<div class=\"elementor-widget-wrap elementor-element-populated\">\n\t\t\t\t\t\t\t\t<div class=\"elementor-element elementor-element-b73f25f elementor-widget elementor-widget-heading\" data-id=\"b73f25f\" data-element_type=\"widget\" data-widget_type=\"heading.default\">\n\t\t\t\t<div class=\"elementor-widget-container\">\n\t\t\t<h3 class=\"elementor-heading-title elementor-size-default\">Zsyp na fusy i odp\u0142yw<\/h3>\t\t<\/div>\n\t\t\t\t<\/div>\n\t\t\t\t<div class=\"elementor-element elementor-element-d9dbe6d elementor-widget elementor-widget-text-editor\" data-id=\"d9dbe6d\" data-element_type=\"widget\" data-widget_type=\"text-editor.default\">\n\t\t\t\t<div class=\"elementor-widget-container\">\n\t\t\t\t\t\t\t<span data-contrast=\"none\"><strong>Wi\u0119kszych<\/strong><\/span><span data-contrast=\"none\">  <strong>\u00a0przer\u00f3bek<\/strong>\u00a0wymaga instalacja odp\u0142ywu i zsypu na fusy. W przypadku instalacji odp\u0142ywu ekspres nie mo\u017ce sta\u0107 dalej ni\u017c 2m od uj\u015bcia. Odp\u0142yw zostanie pod\u0142\u0105czony za pomoc\u0105 kolanka 90 stopniowego i przewodu odp\u0142ywowego.\u00a0<strong>Zsyp na fusy<\/strong>\u00a0wymaga wywiercenia 10 centymetrowego otworu pod ekspresem oraz wolnej szafki, w kt\u00f3rej znajdzie si\u0119 kosz na odpadki.\u00a0<\/span><span data-ccp-props=\"{\">\u00a0\u00a0<\/span>\t\t\t\t\t\t<\/div>\n\t\t\t\t<\/div>\n\t\t\t\t<div class=\"elementor-element elementor-element-fa7496c elementor-widget elementor-widget-spacer\" data-id=\"fa7496c\" data-element_type=\"widget\" data-widget_type=\"spacer.default\">\n\t\t\t\t<div class=\"elementor-widget-container\">\n\t\t\t\t\t<div class=\"elementor-spacer\">\n\t\t\t<div class=\"elementor-spacer-inner\"><\/div>\n\t\t<\/div>\n\t\t\t\t<\/div>\n\t\t\t\t<\/div>\n\t\t\t\t\t<\/div>\n\t\t<\/div>\n\t\t\t\t\t\t\t<\/div>\n\t\t<\/section>\n\t\t\t\t<section class=\"elementor-section elementor-top-section elementor-element elementor-element-d4e468b elementor-section-boxed elementor-section-height-default elementor-section-height-default\" data-id=\"d4e468b\" data-element_type=\"section\">\n\t\t\t\t\t\t<div class=\"elementor-container elementor-column-gap-default\">\n\t\t\t\t\t<div class=\"elementor-column elementor-col-100 elementor-top-column elementor-element elementor-element-824ffdb\" data-id=\"824ffdb\" data-element_type=\"column\">\n\t\t\t<div class=\"elementor-widget-wrap elementor-element-populated\">\n\t\t\t\t\t\t\t\t<div class=\"elementor-element elementor-element-b48a948 elementor-widget elementor-widget-image\" data-id=\"b48a948\" data-element_type=\"widget\" data-widget_type=\"image.default\">\n\t\t\t\t<div class=\"elementor-widget-container\">\n\t\t\t\t\t\t\t\t\t\t\t\t\t\t\t<img loading=\"lazy\" decoding=\"async\" width=\"1024\" height=\"461\" src=\"https:\/\/caffedelmondo.pl\/blog\/wp-content\/uploads\/2022\/05\/Bez-nazwy-1-2-1024x461.png\" class=\"attachment-large size-large\" alt=\"\" srcset=\"https:\/\/caffedelmondo.pl\/blog\/wp-content\/uploads\/2022\/05\/Bez-nazwy-1-2-1024x461.png 1024w, https:\/\/caffedelmondo.pl\/blog\/wp-content\/uploads\/2022\/05\/Bez-nazwy-1-2-300x135.png 300w, https:\/\/caffedelmondo.pl\/blog\/wp-content\/uploads\/2022\/05\/Bez-nazwy-1-2-768x346.png 768w, https:\/\/caffedelmondo.pl\/blog\/wp-content\/uploads\/2022\/05\/Bez-nazwy-1-2-1536x691.png 1536w\" sizes=\"auto, (max-width: 1024px) 100vw, 1024px\" \/>\t\t\t\t\t\t\t\t\t\t\t\t\t\t\t<\/div>\n\t\t\t\t<\/div>\n\t\t\t\t<section class=\"elementor-section elementor-inner-section elementor-element elementor-element-5098520 elementor-section-boxed elementor-section-height-default elementor-section-height-default\" data-id=\"5098520\" data-element_type=\"section\">\n\t\t\t\t\t\t<div class=\"elementor-container elementor-column-gap-default\">\n\t\t\t\t\t<div class=\"elementor-column elementor-col-50 elementor-inner-column elementor-element elementor-element-bf8564d\" data-id=\"bf8564d\" data-element_type=\"column\">\n\t\t\t<div class=\"elementor-widget-wrap elementor-element-populated\">\n\t\t\t\t\t\t\t\t<div class=\"elementor-element elementor-element-1c17336 elementor-widget elementor-widget-image\" data-id=\"1c17336\" data-element_type=\"widget\" data-widget_type=\"image.default\">\n\t\t\t\t<div class=\"elementor-widget-container\">\n\t\t\t\t\t\t\t\t\t\t\t\t\t\t\t<img loading=\"lazy\" decoding=\"async\" width=\"461\" height=\"1024\" src=\"https:\/\/caffedelmondo.pl\/blog\/wp-content\/uploads\/2022\/05\/20220610_094441-461x1024.jpg\" class=\"attachment-large size-large\" alt=\"\" srcset=\"https:\/\/caffedelmondo.pl\/blog\/wp-content\/uploads\/2022\/05\/20220610_094441-461x1024.jpg 461w, https:\/\/caffedelmondo.pl\/blog\/wp-content\/uploads\/2022\/05\/20220610_094441-135x300.jpg 135w, https:\/\/caffedelmondo.pl\/blog\/wp-content\/uploads\/2022\/05\/20220610_094441-768x1707.jpg 768w, https:\/\/caffedelmondo.pl\/blog\/wp-content\/uploads\/2022\/05\/20220610_094441-691x1536.jpg 691w, https:\/\/caffedelmondo.pl\/blog\/wp-content\/uploads\/2022\/05\/20220610_094441-922x2048.jpg 922w, https:\/\/caffedelmondo.pl\/blog\/wp-content\/uploads\/2022\/05\/20220610_094441-scaled.jpg 1152w\" sizes=\"auto, (max-width: 461px) 100vw, 461px\" \/>\t\t\t\t\t\t\t\t\t\t\t\t\t\t\t<\/div>\n\t\t\t\t<\/div>\n\t\t\t\t\t<\/div>\n\t\t<\/div>\n\t\t\t\t<div class=\"elementor-column elementor-col-50 elementor-inner-column elementor-element elementor-element-dedefe6\" data-id=\"dedefe6\" data-element_type=\"column\">\n\t\t\t<div class=\"elementor-widget-wrap elementor-element-populated\">\n\t\t\t\t\t\t\t\t<div class=\"elementor-element elementor-element-4a7b994 elementor-widget elementor-widget-image\" data-id=\"4a7b994\" data-element_type=\"widget\" data-widget_type=\"image.default\">\n\t\t\t\t<div class=\"elementor-widget-container\">\n\t\t\t\t\t\t\t\t\t\t\t\t\t\t\t<img loading=\"lazy\" decoding=\"async\" width=\"461\" height=\"1024\" src=\"https:\/\/caffedelmondo.pl\/blog\/wp-content\/uploads\/2022\/05\/20220610_094436-461x1024.jpg\" class=\"attachment-large size-large\" alt=\"\" srcset=\"https:\/\/caffedelmondo.pl\/blog\/wp-content\/uploads\/2022\/05\/20220610_094436-461x1024.jpg 461w, https:\/\/caffedelmondo.pl\/blog\/wp-content\/uploads\/2022\/05\/20220610_094436-135x300.jpg 135w, https:\/\/caffedelmondo.pl\/blog\/wp-content\/uploads\/2022\/05\/20220610_094436-768x1707.jpg 768w, https:\/\/caffedelmondo.pl\/blog\/wp-content\/uploads\/2022\/05\/20220610_094436-691x1536.jpg 691w, https:\/\/caffedelmondo.pl\/blog\/wp-content\/uploads\/2022\/05\/20220610_094436-922x2048.jpg 922w, https:\/\/caffedelmondo.pl\/blog\/wp-content\/uploads\/2022\/05\/20220610_094436-scaled.jpg 1152w\" sizes=\"auto, (max-width: 461px) 100vw, 461px\" \/>\t\t\t\t\t\t\t\t\t\t\t\t\t\t\t<\/div>\n\t\t\t\t<\/div>\n\t\t\t\t\t<\/div>\n\t\t<\/div>\n\t\t\t\t\t\t\t<\/div>\n\t\t<\/section>\n\t\t\t\t<div class=\"elementor-element elementor-element-54bbb51 elementor-widget elementor-widget-spacer\" data-id=\"54bbb51\" data-element_type=\"widget\" data-widget_type=\"spacer.default\">\n\t\t\t\t<div class=\"elementor-widget-container\">\n\t\t\t\t\t<div class=\"elementor-spacer\">\n\t\t\t<div class=\"elementor-spacer-inner\"><\/div>\n\t\t<\/div>\n\t\t\t\t<\/div>\n\t\t\t\t<\/div>\n\t\t\t\t<div class=\"elementor-element elementor-element-d53808b elementor-widget elementor-widget-heading\" data-id=\"d53808b\" data-element_type=\"widget\" data-widget_type=\"heading.default\">\n\t\t\t\t<div class=\"elementor-widget-container\">\n\t\t\t<h3 class=\"elementor-heading-title elementor-size-default\">Postawienie ekspresu na szafk\u0119 z szufladami - jak nie rozmieszcza\u0107 ekspresu<\/h3>\t\t<\/div>\n\t\t\t\t<\/div>\n\t\t\t\t<div class=\"elementor-element elementor-element-95dc725 elementor-widget elementor-widget-text-editor\" data-id=\"95dc725\" data-element_type=\"widget\" data-widget_type=\"text-editor.default\">\n\t\t\t\t<div class=\"elementor-widget-container\">\n\t\t\t\t\t\t\t<p>Skutkiem takiego rozmieszczenia mo\u017ce by\u0107 <strong>usuni\u0119cie wysuwaj\u0105cej si\u0119 szuflady,<\/strong> aby pod\u0142\u0105czy\u0107 ekspres do wody lub zamontowa\u0107 zsyp na fusy.\u00a0<\/p>\t\t\t\t\t\t<\/div>\n\t\t\t\t<\/div>\n\t\t\t\t<div class=\"elementor-element elementor-element-62b8e29 elementor-widget elementor-widget-image\" data-id=\"62b8e29\" data-element_type=\"widget\" data-widget_type=\"image.default\">\n\t\t\t\t<div class=\"elementor-widget-container\">\n\t\t\t\t\t\t\t\t\t\t\t\t\t\t\t<img loading=\"lazy\" decoding=\"async\" width=\"1024\" height=\"683\" src=\"https:\/\/caffedelmondo.pl\/blog\/wp-content\/uploads\/2022\/05\/Bez-nazwy-1-4-1024x683.png\" class=\"attachment-large size-large\" alt=\"\" srcset=\"https:\/\/caffedelmondo.pl\/blog\/wp-content\/uploads\/2022\/05\/Bez-nazwy-1-4-1024x683.png 1024w, https:\/\/caffedelmondo.pl\/blog\/wp-content\/uploads\/2022\/05\/Bez-nazwy-1-4-300x200.png 300w, https:\/\/caffedelmondo.pl\/blog\/wp-content\/uploads\/2022\/05\/Bez-nazwy-1-4-768x512.png 768w, https:\/\/caffedelmondo.pl\/blog\/wp-content\/uploads\/2022\/05\/Bez-nazwy-1-4-1536x1024.png 1536w, https:\/\/caffedelmondo.pl\/blog\/wp-content\/uploads\/2022\/05\/Bez-nazwy-1-4-600x400.png 600w, https:\/\/caffedelmondo.pl\/blog\/wp-content\/uploads\/2022\/05\/Bez-nazwy-1-4-900x600.png 900w\" sizes=\"auto, (max-width: 1024px) 100vw, 1024px\" \/>\t\t\t\t\t\t\t\t\t\t\t\t\t\t\t<\/div>\n\t\t\t\t<\/div>\n\t\t\t\t\t<\/div>\n\t\t<\/div>\n\t\t\t\t\t\t\t<\/div>\n\t\t<\/section>\n\t\t\t\t<section class=\"elementor-section elementor-top-section elementor-element elementor-element-668ae8b elementor-section-boxed elementor-section-height-default elementor-section-height-default\" data-id=\"668ae8b\" data-element_type=\"section\">\n\t\t\t\t\t\t<div class=\"elementor-container elementor-column-gap-default\">\n\t\t\t\t\t<div class=\"elementor-column elementor-col-100 elementor-top-column elementor-element elementor-element-215dd57\" data-id=\"215dd57\" data-element_type=\"column\">\n\t\t\t<div class=\"elementor-widget-wrap elementor-element-populated\">\n\t\t\t\t\t\t\t\t<div class=\"elementor-element elementor-element-d377087 elementor-widget-divider--view-line elementor-widget elementor-widget-divider\" data-id=\"d377087\" data-element_type=\"widget\" data-widget_type=\"divider.default\">\n\t\t\t\t<div class=\"elementor-widget-container\">\n\t\t\t\t\t<div class=\"elementor-divider\">\n\t\t\t<span class=\"elementor-divider-separator\">\n\t\t\t\t\t\t<\/span>\n\t\t<\/div>\n\t\t\t\t<\/div>\n\t\t\t\t<\/div>\n\t\t\t\t<div class=\"elementor-element elementor-element-6eecbb8 elementor-widget elementor-widget-heading\" data-id=\"6eecbb8\" data-element_type=\"widget\" data-widget_type=\"heading.default\">\n\t\t\t\t<div class=\"elementor-widget-container\">\n\t\t\t<h2 class=\"elementor-heading-title elementor-size-default\"><h3 class=\"elementor-heading-title elementor-size-default elementor-inline-editing pen\" data-elementor-setting-key=\"title\" data-pen-placeholder=\"Pisz tutaj...\" style=\"background-color: rgb(255, 255, 255); font-weight: var( --e-global-typography-primary-font-weight ); color: rgb(46, 26, 71); font-family: var( --e-global-typography-primary-font-family ), Sans-serif; letter-spacing: normal;\">Wp\u0142yw rozmiaru na wydajno\u015b\u0107 ekspresu<\/h3><\/h2>\t\t<\/div>\n\t\t\t\t<\/div>\n\t\t\t\t<div class=\"elementor-element elementor-element-cc36738 elementor-widget elementor-widget-text-editor\" data-id=\"cc36738\" data-element_type=\"widget\" data-widget_type=\"text-editor.default\">\n\t\t\t\t<div class=\"elementor-widget-container\">\n\t\t\t\t\t\t\tEkspresy o <strong>ma\u0142ych rozmiarach<\/strong> <span  style=\"color: #fffff;\">zazwyczaj s\u0105 z\u00a0<\/span>mniejsz\u0105 ilo\u015bci\u0105 dodatkowych funkcji. Urz\u0105dzenia o <strong>du\u017cych wymiarach<\/strong> posiadaj\u0105 wi\u0119cej detali, kt\u00f3re pomog\u0105 w przygotowaniu smacznej kawy i urozmaic\u0105 ekspres. <strong>Dzienna wydajno\u015b\u0107 wzrasta<\/strong> wraz z rozmiarem ekspresu i <strong>wybranych akcesori\u00f3w<\/strong>:\t\t\t\t\t\t<\/div>\n\t\t\t\t<\/div>\n\t\t\t\t\t<\/div>\n\t\t<\/div>\n\t\t\t\t\t\t\t<\/div>\n\t\t<\/section>\n\t\t\t\t<section class=\"elementor-section elementor-top-section elementor-element elementor-element-04346e5 elementor-section-boxed elementor-section-height-default elementor-section-height-default\" data-id=\"04346e5\" data-element_type=\"section\">\n\t\t\t\t\t\t<div class=\"elementor-container elementor-column-gap-default\">\n\t\t\t\t\t<div class=\"elementor-column elementor-col-100 elementor-top-column elementor-element elementor-element-0425f4b\" data-id=\"0425f4b\" data-element_type=\"column\">\n\t\t\t<div class=\"elementor-widget-wrap elementor-element-populated\">\n\t\t\t\t\t\t\t\t<div class=\"elementor-element elementor-element-35969c6 elementor-widget elementor-widget-text-editor\" data-id=\"35969c6\" data-element_type=\"widget\" data-widget_type=\"text-editor.default\">\n\t\t\t\t<div class=\"elementor-widget-container\">\n\t\t\t\t\t\t\t<span data-contrast=\"auto\"><strong>Wbudowany m\u0142ynek do kawy<\/strong> \u2013 m\u0142ynek wyposa\u017cony w ceramiczne \u017carna z mo\u017cliwo\u015bci\u0105 regulowania grubo\u015bci mielenia. Grubo\u015b\u0107 mielenia ziaren wp\u0142ywa na smak i intensywno\u015b\u0107 pitej kawy.<\/span>\t\t\t\t\t\t<\/div>\n\t\t\t\t<\/div>\n\t\t\t\t\t<\/div>\n\t\t<\/div>\n\t\t\t\t\t\t\t<\/div>\n\t\t<\/section>\n\t\t\t\t<section class=\"elementor-section elementor-top-section elementor-element elementor-element-b5a3b8e elementor-section-boxed elementor-section-height-default elementor-section-height-default\" data-id=\"b5a3b8e\" data-element_type=\"section\">\n\t\t\t\t\t\t<div class=\"elementor-container elementor-column-gap-default\">\n\t\t\t\t\t<div class=\"elementor-column elementor-col-100 elementor-top-column elementor-element elementor-element-9b6fcbe\" data-id=\"9b6fcbe\" data-element_type=\"column\">\n\t\t\t<div class=\"elementor-widget-wrap elementor-element-populated\">\n\t\t\t\t\t\t\t\t<div class=\"elementor-element elementor-element-99d02aa elementor-widget elementor-widget-text-editor\" data-id=\"99d02aa\" data-element_type=\"widget\" data-widget_type=\"text-editor.default\">\n\t\t\t\t<div class=\"elementor-widget-container\">\n\t\t\t\t\t\t\t<span data-contrast=\"auto\"><strong>System spienienia mleka<\/strong> &#8211; dysza pieni\u0105ca i pojemnik na mleko s\u0105 nieod\u0142\u0105cznym elementem przy tworzeniu kaw mlecznych m.in. Cappuccino, Latte Macchiato itp.<\/span><span data-ccp-props=\"{\"> Spieniacz do mleka wytworzy estetyczn\u0105 i smaczn\u0105 kaw\u0119.<\/span>\t\t\t\t\t\t<\/div>\n\t\t\t\t<\/div>\n\t\t\t\t\t<\/div>\n\t\t<\/div>\n\t\t\t\t\t\t\t<\/div>\n\t\t<\/section>\n\t\t\t\t<section class=\"elementor-section elementor-top-section elementor-element elementor-element-235915c elementor-section-boxed elementor-section-height-default elementor-section-height-default\" data-id=\"235915c\" data-element_type=\"section\">\n\t\t\t\t\t\t<div class=\"elementor-container elementor-column-gap-default\">\n\t\t\t\t\t<div class=\"elementor-column elementor-col-100 elementor-top-column elementor-element elementor-element-661a772\" data-id=\"661a772\" data-element_type=\"column\">\n\t\t\t<div class=\"elementor-widget-wrap elementor-element-populated\">\n\t\t\t\t\t\t\t\t<div class=\"elementor-element elementor-element-f560ec5 elementor-widget elementor-widget-text-editor\" data-id=\"f560ec5\" data-element_type=\"widget\" data-widget_type=\"text-editor.default\">\n\t\t\t\t<div class=\"elementor-widget-container\">\n\t\t\t\t\t\t\t<span data-contrast=\"auto\"><strong>Automatyczny program czyszcz\u0105cy<\/strong> &#8211; cz\u0119\u015bci maj\u0105ce kontakt z napojem s\u0105 automatycznie czyszczone po zaparzeniu napoju lub w zale\u017cno\u015bci od <span style=\"color: #fffff;\">wybranych<\/span> ustawie\u0144.\u00a0<\/span>\t\t\t\t\t\t<\/div>\n\t\t\t\t<\/div>\n\t\t\t\t<div class=\"elementor-element elementor-element-5951413 elementor-widget elementor-widget-text-editor\" data-id=\"5951413\" data-element_type=\"widget\" data-widget_type=\"text-editor.default\">\n\t\t\t\t<div class=\"elementor-widget-container\">\n\t\t\t\t\t\t\t<span data-contrast=\"auto\"><strong>Przyrz\u0105dzanie 2 kaw jednocze\u015bnie<\/strong> &#8211; podw\u00f3jny wlewnik kawy umo\u017cliwia zmniejszenie czasu przygotowania. Jest to \u015bwietna opcja, <span style=\"color: #fffff;\">aby<\/span> szybko przygotowa\u0107 kaw\u0119 dla wi\u0119kszej ilo\u015bci os\u00f3b.\u00a0<\/span><span data-ccp-props=\"{\">\u00a0<\/span>\t\t\t\t\t\t<\/div>\n\t\t\t\t<\/div>\n\t\t\t\t<div class=\"elementor-element elementor-element-30a1612 elementor-widget elementor-widget-text-editor\" data-id=\"30a1612\" data-element_type=\"widget\" data-widget_type=\"text-editor.default\">\n\t\t\t\t<div class=\"elementor-widget-container\">\n\t\t\t\t\t\t\t<strong>Opcja ustawienia wysoko\u015bci dyszy<\/strong> \u2013 regulacja duszy pozwala na unikni\u0119cie niepotrzebnych zabrudze\u0144 lub odpry\u015bni\u0119\u0107 mleka na ekspresie.\t\t\t\t\t\t<\/div>\n\t\t\t\t<\/div>\n\t\t\t\t\t<\/div>\n\t\t<\/div>\n\t\t\t\t\t\t\t<\/div>\n\t\t<\/section>\n\t\t\t\t<section class=\"elementor-section elementor-top-section elementor-element elementor-element-51e6f4d elementor-section-boxed elementor-section-height-default elementor-section-height-default\" data-id=\"51e6f4d\" data-element_type=\"section\">\n\t\t\t\t\t\t<div class=\"elementor-container elementor-column-gap-default\">\n\t\t\t\t\t<div class=\"elementor-column elementor-col-100 elementor-top-column elementor-element elementor-element-4ba12c6\" data-id=\"4ba12c6\" data-element_type=\"column\">\n\t\t\t<div class=\"elementor-widget-wrap elementor-element-populated\">\n\t\t\t\t\t\t\t\t<div class=\"elementor-element elementor-element-fb1d4db elementor-widget elementor-widget-spacer\" data-id=\"fb1d4db\" data-element_type=\"widget\" data-widget_type=\"spacer.default\">\n\t\t\t\t<div class=\"elementor-widget-container\">\n\t\t\t\t\t<div class=\"elementor-spacer\">\n\t\t\t<div class=\"elementor-spacer-inner\"><\/div>\n\t\t<\/div>\n\t\t\t\t<\/div>\n\t\t\t\t<\/div>\n\t\t\t\t<div class=\"elementor-element elementor-element-2a8111f elementor-widget elementor-widget-heading\" data-id=\"2a8111f\" data-element_type=\"widget\" data-widget_type=\"heading.default\">\n\t\t\t\t<div class=\"elementor-widget-container\">\n\t\t\t<h3 class=\"elementor-heading-title elementor-size-default\">Ekspres do kawy - akcesoria<\/h3>\t\t<\/div>\n\t\t\t\t<\/div>\n\t\t\t\t<div class=\"elementor-element elementor-element-7d908f3 elementor-widget elementor-widget-text-editor\" data-id=\"7d908f3\" data-element_type=\"widget\" data-widget_type=\"text-editor.default\">\n\t\t\t\t<div class=\"elementor-widget-container\">\n\t\t\t\t\t\t\t<b>Zbiornik na wod\u0119 lub opcja pod\u0142\u0105czenia do \u017ar\u00f3d\u0142a wody<\/b> \u2013 ka\u017cdy ekspres jest wyposa\u017cony w pojemnik na wod\u0119. Jednak zbiornik mo\u017cna zast\u0105pi\u0107 <span style=\"color: #fffff;\">bezpo\u015brednim<\/span> pod\u0142\u0105czeniem do \u017ar\u00f3d\u0142a wody, aby zautomatyzowa\u0107 urz\u0105dzenie.\t\t\t\t\t\t<\/div>\n\t\t\t\t<\/div>\n\t\t\t\t<div class=\"elementor-element elementor-element-4cf0b27 elementor-widget elementor-widget-text-editor\" data-id=\"4cf0b27\" data-element_type=\"widget\" data-widget_type=\"text-editor.default\">\n\t\t\t\t<div class=\"elementor-widget-container\">\n\t\t\t\t\t\t\t<strong>Pojemnik na fusy lub ich zsyp<\/strong>\u00a0&#8211; ekspres z pojemnikiem na fusy wymaga codziennego <span style=\"color: #fffff;\">opr\u00f3\u017cniania<\/span>. W przypadku zwlekania z t\u0105 czynno\u015bci\u0105 na resztkach kawy mo\u017ce pojawi\u0107 si\u0119 ple\u015b\u0144. Dodatkow\u0105 opcj\u0105 jest zainstalowanie zsypu na fusy do \u015bmietnika, ale b\u0119dzie to wymaga\u0142o wywiercenia otworu w pojemniku na fusy.\t\t\t\t\t\t<\/div>\n\t\t\t\t<\/div>\n\t\t\t\t<div class=\"elementor-element elementor-element-35a4764 elementor-widget elementor-widget-text-editor\" data-id=\"35a4764\" data-element_type=\"widget\" data-widget_type=\"text-editor.default\">\n\t\t\t\t<div class=\"elementor-widget-container\">\n\t\t\t\t\t\t\t<strong>Mo\u017cliwo\u015b\u0107 dodania pojemnik\u00f3w<\/strong>\u00a0&#8211; 2 pojemnik na kaw\u0119 przy\u015bpieszy proces przygotowania kawy, a zbiornik na produkt instant pozwoli na <span style=\"color: #fffff;\">cieszenie<\/span> si\u0119 gor\u0105c\u0105 czekolad\u0105 w par\u0119 chwil.\t\t\t\t\t\t<\/div>\n\t\t\t\t<\/div>\n\t\t\t\t<div class=\"elementor-element elementor-element-edcd51f elementor-widget elementor-widget-text-editor\" data-id=\"edcd51f\" data-element_type=\"widget\" data-widget_type=\"text-editor.default\">\n\t\t\t\t<div class=\"elementor-widget-container\">\n\t\t\t\t\t\t\t<strong>Ch\u0142odziarka do mleka<\/strong>\u00a0&#8211; wspomniana ju\u017c wcze\u015bniej\u00a0<a href=\"https:\/\/caffedelmondo.pl\/74-chlodziarki\"><span style=\"color: #f8971d;\">ch\u0142odziarka<\/span><\/a>\u00a0pozwoli nam <span style=\"color: #fffff;\">uzyska\u0107<\/span> smaczny i \u015bwie\u017cy nap\u00f3j.\t\t\t\t\t\t<\/div>\n\t\t\t\t<\/div>\n\t\t\t\t<div class=\"elementor-element elementor-element-8a8786a elementor-widget-divider--view-line elementor-widget elementor-widget-divider\" data-id=\"8a8786a\" data-element_type=\"widget\" data-widget_type=\"divider.default\">\n\t\t\t\t<div class=\"elementor-widget-container\">\n\t\t\t\t\t<div class=\"elementor-divider\">\n\t\t\t<span class=\"elementor-divider-separator\">\n\t\t\t\t\t\t<\/span>\n\t\t<\/div>\n\t\t\t\t<\/div>\n\t\t\t\t<\/div>\n\t\t\t\t\t<\/div>\n\t\t<\/div>\n\t\t\t\t\t\t\t<\/div>\n\t\t<\/section>\n\t\t\t\t<section class=\"elementor-section elementor-top-section elementor-element elementor-element-1741498 elementor-section-boxed elementor-section-height-default elementor-section-height-default\" data-id=\"1741498\" data-element_type=\"section\">\n\t\t\t\t\t\t<div class=\"elementor-container elementor-column-gap-default\">\n\t\t\t\t\t<div class=\"elementor-column elementor-col-100 elementor-top-column elementor-element elementor-element-06d22de\" data-id=\"06d22de\" data-element_type=\"column\">\n\t\t\t<div class=\"elementor-widget-wrap elementor-element-populated\">\n\t\t\t\t\t\t\t\t<div class=\"elementor-element elementor-element-c94b83e elementor-widget elementor-widget-heading\" data-id=\"c94b83e\" data-element_type=\"widget\" data-widget_type=\"heading.default\">\n\t\t\t\t<div class=\"elementor-widget-container\">\n\t\t\t<h2 class=\"elementor-heading-title elementor-size-default\">Instalacja ekspresu - ile zajmuje<\/h2>\t\t<\/div>\n\t\t\t\t<\/div>\n\t\t\t\t<div class=\"elementor-element elementor-element-2d6323e elementor-widget elementor-widget-text-editor\" data-id=\"2d6323e\" data-element_type=\"widget\" data-widget_type=\"text-editor.default\">\n\t\t\t\t<div class=\"elementor-widget-container\">\n\t\t\t\t\t\t\tInstalacja ekspresu<strong> zajmuje \u015brednio<\/strong> od 2-3h, gdy <strong>wszystko jest zgodne z wymogami instalacji<\/strong>. Proces monta\u017cu sk\u0142ada si\u0119 z kilku krok\u00f3w: \t\t\t\t\t\t<\/div>\n\t\t\t\t<\/div>\n\t\t\t\t\t<\/div>\n\t\t<\/div>\n\t\t\t\t\t\t\t<\/div>\n\t\t<\/section>\n\t\t\t\t<section class=\"elementor-section elementor-top-section elementor-element elementor-element-3ca2333 elementor-section-boxed elementor-section-height-default elementor-section-height-default\" data-id=\"3ca2333\" data-element_type=\"section\">\n\t\t\t\t\t\t<div class=\"elementor-container elementor-column-gap-default\">\n\t\t\t\t\t<div class=\"elementor-column elementor-col-100 elementor-top-column elementor-element elementor-element-fa669ed\" data-id=\"fa669ed\" data-element_type=\"column\">\n\t\t\t<div class=\"elementor-widget-wrap elementor-element-populated\">\n\t\t\t\t\t\t\t\t<div class=\"elementor-element elementor-element-c4caaf5 elementor-widget elementor-widget-text-editor\" data-id=\"c4caaf5\" data-element_type=\"widget\" data-widget_type=\"text-editor.default\">\n\t\t\t\t<div class=\"elementor-widget-container\">\n\t\t\t\t\t\t\t<ul><li>wywiad z osob\u0105 odpowiedzialn\u0105 za wyb\u00f3r i umiejscowienie ekspresu oraz ocena miejsca docelowego,<\/li><li>szybka ocena zawor\u00f3w, zakr\u0119cenia zimnej wody ( zakaz monta\u017cu na ciep\u0142ej wodzie, kt\u00f3ra powoduje osadzanie si\u0119 kamienia ),<\/li><li>monta\u017c zaworu wody, filtra oraz przep\u0142ukanie go. Instalacja wszystkich dodatkowych funkcji, wstawienie ekspresu i uruchomienie go,<\/li><li>badanie twardo\u015bci wody i ustawienia baypasuu,<\/li><li>uruchomienie ekspresu, ustawienia zgodnie ze standardami Caffedelmondo,<\/li><li>wgranie ustawie\u0144 stworzonych przez serwisant\u00f3w Caffedelmondo,<\/li><li>sprawdzenie czy urz\u0105dzenie dzia\u0142a prawid\u0142owo,<\/li><li>zaproszenie klienta i osoby odpowiedzialne na szkolenie i ewentualne korekty,<\/li><li>wype\u0142nienie dokument\u00f3w,<\/li><li>smakowanie kawy.<\/li><\/ul>\t\t\t\t\t\t<\/div>\n\t\t\t\t<\/div>\n\t\t\t\t\t<\/div>\n\t\t<\/div>\n\t\t\t\t\t\t\t<\/div>\n\t\t<\/section>\n\t\t\t\t<section class=\"elementor-section elementor-top-section elementor-element elementor-element-6ce22ed elementor-section-boxed elementor-section-height-default elementor-section-height-default\" data-id=\"6ce22ed\" data-element_type=\"section\">\n\t\t\t\t\t\t<div class=\"elementor-container elementor-column-gap-default\">\n\t\t\t\t\t<div class=\"elementor-column elementor-col-100 elementor-top-column elementor-element elementor-element-814789b\" data-id=\"814789b\" data-element_type=\"column\">\n\t\t\t<div class=\"elementor-widget-wrap elementor-element-populated\">\n\t\t\t\t\t\t\t\t<div class=\"elementor-element elementor-element-af8e241 elementor-widget elementor-widget-spacer\" data-id=\"af8e241\" data-element_type=\"widget\" data-widget_type=\"spacer.default\">\n\t\t\t\t<div class=\"elementor-widget-container\">\n\t\t\t\t\t<div class=\"elementor-spacer\">\n\t\t\t<div class=\"elementor-spacer-inner\"><\/div>\n\t\t<\/div>\n\t\t\t\t<\/div>\n\t\t\t\t<\/div>\n\t\t\t\t<div class=\"elementor-element elementor-element-76b35f3 elementor-widget elementor-widget-heading\" data-id=\"76b35f3\" data-element_type=\"widget\" data-widget_type=\"heading.default\">\n\t\t\t\t<div class=\"elementor-widget-container\">\n\t\t\t<h2 class=\"elementor-heading-title elementor-size-default\">Podsumowanie - czy ju\u017c wiesz jak nie rozmieszcza\u0107 ekspresu?<\/h2>\t\t<\/div>\n\t\t\t\t<\/div>\n\t\t\t\t\t<\/div>\n\t\t<\/div>\n\t\t\t\t\t\t\t<\/div>\n\t\t<\/section>\n\t\t\t\t<section class=\"elementor-section elementor-top-section elementor-element elementor-element-c0b1563 elementor-section-boxed elementor-section-height-default elementor-section-height-default\" data-id=\"c0b1563\" data-element_type=\"section\">\n\t\t\t\t\t\t<div class=\"elementor-container elementor-column-gap-default\">\n\t\t\t\t\t<div class=\"elementor-column elementor-col-100 elementor-top-column elementor-element elementor-element-1143de6\" data-id=\"1143de6\" data-element_type=\"column\">\n\t\t\t<div class=\"elementor-widget-wrap elementor-element-populated\">\n\t\t\t\t\t\t\t\t<div class=\"elementor-element elementor-element-420b5d0 elementor-widget elementor-widget-text-editor\" data-id=\"420b5d0\" data-element_type=\"widget\" data-widget_type=\"text-editor.default\">\n\t\t\t\t<div class=\"elementor-widget-container\">\n\t\t\t\t\t\t\tPo spe\u0142nieniu wszystkich wymog\u00f3w, kt\u00f3re s\u0105 potrzebne do prawid\u0142owej instalacji urz\u0105dzenia, korzystnie z ekspresu w biurze stanie si\u0119 <strong>prawdziw\u0105 przyjemno\u015bci\u0105. <\/strong>Dlatego warto po\u015bwi\u0119ci\u0107 czas, aby dok\u0142adnie rozplanowa\u0107 jego po\u0142o\u017cenie. \t\t\t\t\t\t<\/div>\n\t\t\t\t<\/div>\n\t\t\t\t<div class=\"elementor-element elementor-element-68e9fbd elementor-widget elementor-widget-text-editor\" data-id=\"68e9fbd\" data-element_type=\"widget\" data-widget_type=\"text-editor.default\">\n\t\t\t\t<div class=\"elementor-widget-container\">\n\t\t\t\t\t\t\t\u0179le rozplanowany ekspres do kawy b\u0119dzie utrapieniem przy codziennym korzystaniu i czyszczeniu. \t\t\t\t\t\t<\/div>\n\t\t\t\t<\/div>\n\t\t\t\t<div class=\"elementor-element elementor-element-37ccbc1 elementor-widget elementor-widget-text-editor\" data-id=\"37ccbc1\" data-element_type=\"widget\" data-widget_type=\"text-editor.default\">\n\t\t\t\t<div class=\"elementor-widget-container\">\n\t\t\t\t\t\t\t<strong>Planuj, dzia\u0142aj, nie narzekaj!\u00a0<\/strong> \t\t\t\t\t\t<\/div>\n\t\t\t\t<\/div>\n\t\t\t\t\t<\/div>\n\t\t<\/div>\n\t\t\t\t\t\t\t<\/div>\n\t\t<\/section>\n\t\t\t\t\t\t<\/div>\n\t\t\t\t\t<\/div>\n\t\t","protected":false},"excerpt":{"rendered":"<p>Projektowanie kuchni biurowej z uwzgl\u0119dnieniem ekspresu. Ka\u017cde biuro marzy o osobistym k\u0105ciku kawowym. Jak nie rozmieszcza\u0107 ekspresu, aby nie utrudnia\u0142 codziennych czynno\u015bci?\u00a0Aran\u017cacja biura jest wizyt\u00f3wk\u0105, kt\u00f3ra m\u00f3wi nam o jako\u015bci \u015bwiadczonych us\u0142ug i estetyki ich wykonywania. Punkt kawowy w biurze&#8230;<\/p>\n","protected":false},"author":2,"featured_media":2769,"comment_status":"open","ping_status":"open","sticky":false,"template":"","format":"standard","meta":{"footnotes":""},"categories":[25],"tags":[],"class_list":["post-1885","post","type-post","status-publish","format-standard","has-post-thumbnail","hentry","category-montaz-ekspresu-aranzacja-wnetrz"],"yoast_head":"<!-- This site is optimized with the Yoast SEO plugin v21.9.1 - https:\/\/yoast.com\/wordpress\/plugins\/seo\/ -->\n<title>Poradnik dla projektant\u00f3w kuchni biurowych - jak nie rozmieszcza\u0107 ekspresu. - Poradnik CaffeDelMondo<\/title>\n<meta name=\"description\" content=\"Ekspres do kawy jest efektowym dodatkiem do ka\u017cdego wn\u0119trza. Jak nie rozmieszcza\u0107 ekspresu w przestrzeni biurowej? Odpowied\u017a znajdziesz w tym poradniku.\" \/>\n<meta name=\"robots\" content=\"index, follow, max-snippet:-1, max-image-preview:large, max-video-preview:-1\" \/>\n<link rel=\"canonical\" href=\"https:\/\/caffedelmondo.pl\/blog\/ekspres-do-kawy-funkcjonalna-przestrzen\/\" \/>\n<meta property=\"og:locale\" content=\"pl_PL\" \/>\n<meta property=\"og:type\" content=\"article\" \/>\n<meta property=\"og:title\" content=\"Poradnik dla projektant\u00f3w kuchni biurowych - jak nie rozmieszcza\u0107 ekspresu. - Poradnik CaffeDelMondo\" \/>\n<meta property=\"og:description\" content=\"Ekspres do kawy jest efektowym dodatkiem do ka\u017cdego wn\u0119trza. Jak nie rozmieszcza\u0107 ekspresu w przestrzeni biurowej? Odpowied\u017a znajdziesz w tym poradniku.\" \/>\n<meta property=\"og:url\" content=\"https:\/\/caffedelmondo.pl\/blog\/ekspres-do-kawy-funkcjonalna-przestrzen\/\" \/>\n<meta property=\"og:site_name\" content=\"CaffeDelMondo - blog\" \/>\n<meta property=\"article:published_time\" content=\"2022-05-04T11:04:55+00:00\" \/>\n<meta property=\"article:modified_time\" content=\"2022-07-06T10:31:14+00:00\" \/>\n<meta property=\"og:image\" content=\"https:\/\/caffedelmondo.pl\/blog\/wp-content\/uploads\/2022\/05\/Bez-nazwy-2-2.png\" \/>\n\t<meta property=\"og:image:width\" content=\"4688\" \/>\n\t<meta property=\"og:image:height\" content=\"3126\" \/>\n\t<meta property=\"og:image:type\" content=\"image\/png\" \/>\n<meta name=\"author\" content=\"cdm_account\" \/>\n<meta name=\"twitter:card\" content=\"summary_large_image\" \/>\n<meta name=\"twitter:label1\" content=\"Napisane przez\" \/>\n\t<meta name=\"twitter:data1\" content=\"cdm_account\" \/>\n\t<meta name=\"twitter:label2\" content=\"Szacowany czas czytania\" \/>\n\t<meta name=\"twitter:data2\" content=\"9 minut\" \/>\n<script type=\"application\/ld+json\" class=\"yoast-schema-graph\">{\"@context\":\"https:\/\/schema.org\",\"@graph\":[{\"@type\":\"WebPage\",\"@id\":\"https:\/\/caffedelmondo.pl\/blog\/ekspres-do-kawy-funkcjonalna-przestrzen\/\",\"url\":\"https:\/\/caffedelmondo.pl\/blog\/ekspres-do-kawy-funkcjonalna-przestrzen\/\",\"name\":\"Poradnik dla projektant\u00f3w kuchni biurowych - jak nie rozmieszcza\u0107 ekspresu. - Poradnik CaffeDelMondo\",\"isPartOf\":{\"@id\":\"https:\/\/caffedelmondo.pl\/blog\/#website\"},\"datePublished\":\"2022-05-04T11:04:55+00:00\",\"dateModified\":\"2022-07-06T10:31:14+00:00\",\"author\":{\"@id\":\"https:\/\/caffedelmondo.pl\/blog\/#\/schema\/person\/d34db16ed07760f317284cdaf396c1f3\"},\"description\":\"Ekspres do kawy jest efektowym dodatkiem do ka\u017cdego wn\u0119trza. Jak nie rozmieszcza\u0107 ekspresu w przestrzeni biurowej? Odpowied\u017a znajdziesz w tym poradniku.\",\"breadcrumb\":{\"@id\":\"https:\/\/caffedelmondo.pl\/blog\/ekspres-do-kawy-funkcjonalna-przestrzen\/#breadcrumb\"},\"inLanguage\":\"pl-PL\",\"potentialAction\":[{\"@type\":\"ReadAction\",\"target\":[\"https:\/\/caffedelmondo.pl\/blog\/ekspres-do-kawy-funkcjonalna-przestrzen\/\"]}]},{\"@type\":\"BreadcrumbList\",\"@id\":\"https:\/\/caffedelmondo.pl\/blog\/ekspres-do-kawy-funkcjonalna-przestrzen\/#breadcrumb\",\"itemListElement\":[{\"@type\":\"ListItem\",\"position\":1,\"name\":\"Home\",\"item\":\"https:\/\/caffedelmondo.pl\/blog\/\"},{\"@type\":\"ListItem\",\"position\":2,\"name\":\"Poradnik dla projektant\u00f3w kuchni biurowych &#8211; jak nie rozmieszcza\u0107 ekspresu.\"}]},{\"@type\":\"WebSite\",\"@id\":\"https:\/\/caffedelmondo.pl\/blog\/#website\",\"url\":\"https:\/\/caffedelmondo.pl\/blog\/\",\"name\":\"CaffeDelMondo - blog\",\"description\":\"piszemy o kawach i ekspresach\",\"potentialAction\":[{\"@type\":\"SearchAction\",\"target\":{\"@type\":\"EntryPoint\",\"urlTemplate\":\"https:\/\/caffedelmondo.pl\/blog\/?s={search_term_string}\"},\"query-input\":\"required name=search_term_string\"}],\"inLanguage\":\"pl-PL\"},{\"@type\":\"Person\",\"@id\":\"https:\/\/caffedelmondo.pl\/blog\/#\/schema\/person\/d34db16ed07760f317284cdaf396c1f3\",\"name\":\"cdm_account\",\"image\":{\"@type\":\"ImageObject\",\"inLanguage\":\"pl-PL\",\"@id\":\"https:\/\/caffedelmondo.pl\/blog\/#\/schema\/person\/image\/\",\"url\":\"https:\/\/secure.gravatar.com\/avatar\/f935945dde19f72cc1d2fa018232af2a9c3d7a53220d567455a5ec459feccb00?s=96&d=mm&r=g\",\"contentUrl\":\"https:\/\/secure.gravatar.com\/avatar\/f935945dde19f72cc1d2fa018232af2a9c3d7a53220d567455a5ec459feccb00?s=96&d=mm&r=g\",\"caption\":\"cdm_account\"},\"url\":\"https:\/\/caffedelmondo.pl\/blog\/author\/cdm_account\/\"}]}<\/script>\n<!-- \/ Yoast SEO plugin. -->","yoast_head_json":{"title":"Poradnik dla projektant\u00f3w kuchni biurowych - jak nie rozmieszcza\u0107 ekspresu. - Poradnik CaffeDelMondo","description":"Ekspres do kawy jest efektowym dodatkiem do ka\u017cdego wn\u0119trza. Jak nie rozmieszcza\u0107 ekspresu w przestrzeni biurowej? Odpowied\u017a znajdziesz w tym poradniku.","robots":{"index":"index","follow":"follow","max-snippet":"max-snippet:-1","max-image-preview":"max-image-preview:large","max-video-preview":"max-video-preview:-1"},"canonical":"https:\/\/caffedelmondo.pl\/blog\/ekspres-do-kawy-funkcjonalna-przestrzen\/","og_locale":"pl_PL","og_type":"article","og_title":"Poradnik dla projektant\u00f3w kuchni biurowych - jak nie rozmieszcza\u0107 ekspresu. - Poradnik CaffeDelMondo","og_description":"Ekspres do kawy jest efektowym dodatkiem do ka\u017cdego wn\u0119trza. Jak nie rozmieszcza\u0107 ekspresu w przestrzeni biurowej? Odpowied\u017a znajdziesz w tym poradniku.","og_url":"https:\/\/caffedelmondo.pl\/blog\/ekspres-do-kawy-funkcjonalna-przestrzen\/","og_site_name":"CaffeDelMondo - blog","article_published_time":"2022-05-04T11:04:55+00:00","article_modified_time":"2022-07-06T10:31:14+00:00","og_image":[{"width":4688,"height":3126,"url":"https:\/\/caffedelmondo.pl\/blog\/wp-content\/uploads\/2022\/05\/Bez-nazwy-2-2.png","type":"image\/png"}],"author":"cdm_account","twitter_card":"summary_large_image","twitter_misc":{"Napisane przez":"cdm_account","Szacowany czas czytania":"9 minut"},"schema":{"@context":"https:\/\/schema.org","@graph":[{"@type":"WebPage","@id":"https:\/\/caffedelmondo.pl\/blog\/ekspres-do-kawy-funkcjonalna-przestrzen\/","url":"https:\/\/caffedelmondo.pl\/blog\/ekspres-do-kawy-funkcjonalna-przestrzen\/","name":"Poradnik dla projektant\u00f3w kuchni biurowych - jak nie rozmieszcza\u0107 ekspresu. - Poradnik CaffeDelMondo","isPartOf":{"@id":"https:\/\/caffedelmondo.pl\/blog\/#website"},"datePublished":"2022-05-04T11:04:55+00:00","dateModified":"2022-07-06T10:31:14+00:00","author":{"@id":"https:\/\/caffedelmondo.pl\/blog\/#\/schema\/person\/d34db16ed07760f317284cdaf396c1f3"},"description":"Ekspres do kawy jest efektowym dodatkiem do ka\u017cdego wn\u0119trza. Jak nie rozmieszcza\u0107 ekspresu w przestrzeni biurowej? Odpowied\u017a znajdziesz w tym poradniku.","breadcrumb":{"@id":"https:\/\/caffedelmondo.pl\/blog\/ekspres-do-kawy-funkcjonalna-przestrzen\/#breadcrumb"},"inLanguage":"pl-PL","potentialAction":[{"@type":"ReadAction","target":["https:\/\/caffedelmondo.pl\/blog\/ekspres-do-kawy-funkcjonalna-przestrzen\/"]}]},{"@type":"BreadcrumbList","@id":"https:\/\/caffedelmondo.pl\/blog\/ekspres-do-kawy-funkcjonalna-przestrzen\/#breadcrumb","itemListElement":[{"@type":"ListItem","position":1,"name":"Home","item":"https:\/\/caffedelmondo.pl\/blog\/"},{"@type":"ListItem","position":2,"name":"Poradnik dla projektant\u00f3w kuchni biurowych &#8211; jak nie rozmieszcza\u0107 ekspresu."}]},{"@type":"WebSite","@id":"https:\/\/caffedelmondo.pl\/blog\/#website","url":"https:\/\/caffedelmondo.pl\/blog\/","name":"CaffeDelMondo - blog","description":"piszemy o kawach i ekspresach","potentialAction":[{"@type":"SearchAction","target":{"@type":"EntryPoint","urlTemplate":"https:\/\/caffedelmondo.pl\/blog\/?s={search_term_string}"},"query-input":"required name=search_term_string"}],"inLanguage":"pl-PL"},{"@type":"Person","@id":"https:\/\/caffedelmondo.pl\/blog\/#\/schema\/person\/d34db16ed07760f317284cdaf396c1f3","name":"cdm_account","image":{"@type":"ImageObject","inLanguage":"pl-PL","@id":"https:\/\/caffedelmondo.pl\/blog\/#\/schema\/person\/image\/","url":"https:\/\/secure.gravatar.com\/avatar\/f935945dde19f72cc1d2fa018232af2a9c3d7a53220d567455a5ec459feccb00?s=96&d=mm&r=g","contentUrl":"https:\/\/secure.gravatar.com\/avatar\/f935945dde19f72cc1d2fa018232af2a9c3d7a53220d567455a5ec459feccb00?s=96&d=mm&r=g","caption":"cdm_account"},"url":"https:\/\/caffedelmondo.pl\/blog\/author\/cdm_account\/"}]}},"_links":{"self":[{"href":"https:\/\/caffedelmondo.pl\/blog\/wp-json\/wp\/v2\/posts\/1885","targetHints":{"allow":["GET"]}}],"collection":[{"href":"https:\/\/caffedelmondo.pl\/blog\/wp-json\/wp\/v2\/posts"}],"about":[{"href":"https:\/\/caffedelmondo.pl\/blog\/wp-json\/wp\/v2\/types\/post"}],"author":[{"embeddable":true,"href":"https:\/\/caffedelmondo.pl\/blog\/wp-json\/wp\/v2\/users\/2"}],"replies":[{"embeddable":true,"href":"https:\/\/caffedelmondo.pl\/blog\/wp-json\/wp\/v2\/comments?post=1885"}],"version-history":[{"count":387,"href":"https:\/\/caffedelmondo.pl\/blog\/wp-json\/wp\/v2\/posts\/1885\/revisions"}],"predecessor-version":[{"id":2775,"href":"https:\/\/caffedelmondo.pl\/blog\/wp-json\/wp\/v2\/posts\/1885\/revisions\/2775"}],"wp:featuredmedia":[{"embeddable":true,"href":"https:\/\/caffedelmondo.pl\/blog\/wp-json\/wp\/v2\/media\/2769"}],"wp:attachment":[{"href":"https:\/\/caffedelmondo.pl\/blog\/wp-json\/wp\/v2\/media?parent=1885"}],"wp:term":[{"taxonomy":"category","embeddable":true,"href":"https:\/\/caffedelmondo.pl\/blog\/wp-json\/wp\/v2\/categories?post=1885"},{"taxonomy":"post_tag","embeddable":true,"href":"https:\/\/caffedelmondo.pl\/blog\/wp-json\/wp\/v2\/tags?post=1885"}],"curies":[{"name":"wp","href":"https:\/\/api.w.org\/{rel}","templated":true}]}}