{"id":4714,"date":"2023-12-12T14:53:27","date_gmt":"2023-12-12T13:53:27","guid":{"rendered":"https:\/\/caffedelmondo.pl\/blog\/?p=4714"},"modified":"2023-12-12T14:57:50","modified_gmt":"2023-12-12T13:57:50","slug":"czy-mozna-pic-kawe-w-ciazy","status":"publish","type":"post","link":"https:\/\/caffedelmondo.pl\/blog\/czy-mozna-pic-kawe-w-ciazy\/","title":{"rendered":"Czy mo\u017cna pi\u0107 kaw\u0119 w ci\u0105\u017cy?"},"content":{"rendered":"\t\t<div data-elementor-type=\"wp-post\" data-elementor-id=\"4714\" class=\"elementor elementor-4714\" data-elementor-settings=\"[]\">\n\t\t\t\t\t\t\t<div class=\"elementor-section-wrap\">\n\t\t\t\t\t\t\t<section class=\"elementor-section elementor-top-section elementor-element elementor-element-fbbbcdc elementor-section-boxed elementor-section-height-default elementor-section-height-default\" data-id=\"fbbbcdc\" data-element_type=\"section\">\n\t\t\t\t\t\t<div class=\"elementor-container elementor-column-gap-default\">\n\t\t\t\t\t<div class=\"elementor-column elementor-col-100 elementor-top-column elementor-element elementor-element-72c8ed3\" data-id=\"72c8ed3\" data-element_type=\"column\">\n\t\t\t<div class=\"elementor-widget-wrap elementor-element-populated\">\n\t\t\t\t\t\t\t\t<div class=\"elementor-element elementor-element-c27114f elementor-widget elementor-widget-text-editor\" data-id=\"c27114f\" data-element_type=\"widget\" data-widget_type=\"text-editor.default\">\n\t\t\t\t<div class=\"elementor-widget-container\">\n\t\t\t<style>\/*! elementor - v3.5.1 - 20-12-2021 *\/\n.elementor-widget-text-editor.elementor-drop-cap-view-stacked .elementor-drop-cap{background-color:#818a91;color:#fff}.elementor-widget-text-editor.elementor-drop-cap-view-framed .elementor-drop-cap{color:#818a91;border:3px solid;background-color:transparent}.elementor-widget-text-editor:not(.elementor-drop-cap-view-default) .elementor-drop-cap{margin-top:8px}.elementor-widget-text-editor:not(.elementor-drop-cap-view-default) .elementor-drop-cap-letter{width:1em;height:1em}.elementor-widget-text-editor .elementor-drop-cap{float:left;text-align:center;line-height:1;font-size:50px}.elementor-widget-text-editor .elementor-drop-cap-letter{display:inline-block}<\/style>\t\t\t\t<p><strong>Kawa w ci\u0105\u017cy<\/strong> \u2013&nbsp;to temat, kt\u00f3ry porusza wiele przysz\u0142ych matek. Oboj\u0119tnie, czy jeste\u015b wielk\u0105 mi\u0142o\u015bniczk\u0105 dobrej espresso, czy te\u017c uwielbiasz zacz\u0105\u0107 dzie\u0144 od fili\u017canki aromatycznej kawy z mlekiem, pojawienie si\u0119 czerwonej kreski na te\u015bcie ci\u0105\u017cowym mo\u017ce zmusi\u0107 Ci\u0119 do przemy\u015blenia swoich codziennych nawyk\u00f3w. <strong>Czy w ci\u0105\u017cy mo\u017cna pi\u0107 kaw\u0119 oraz&nbsp;ile kawy mo\u017cna pi\u0107 w ci\u0105\u017cy&nbsp;<\/strong>\u2013 na te pytanie odpowiemy w tym wpisie!<\/p>\t\t\t\t\t\t<\/div>\n\t\t\t\t<\/div>\n\t\t\t\t\t<\/div>\n\t\t<\/div>\n\t\t\t\t\t\t\t<\/div>\n\t\t<\/section>\n\t\t\t\t<section class=\"elementor-section elementor-top-section elementor-element elementor-element-00364c1 elementor-section-boxed elementor-section-height-default elementor-section-height-default\" data-id=\"00364c1\" data-element_type=\"section\">\n\t\t\t\t\t\t<div class=\"elementor-container elementor-column-gap-default\">\n\t\t\t\t\t<div class=\"elementor-column elementor-col-100 elementor-top-column elementor-element elementor-element-97ed78a\" data-id=\"97ed78a\" data-element_type=\"column\">\n\t\t\t<div class=\"elementor-widget-wrap elementor-element-populated\">\n\t\t\t\t\t\t\t\t<div class=\"elementor-element elementor-element-a93d76d elementor-widget elementor-widget-heading\" data-id=\"a93d76d\" data-element_type=\"widget\" data-widget_type=\"heading.default\">\n\t\t\t\t<div class=\"elementor-widget-container\">\n\t\t\t<style>\/*! elementor - v3.5.1 - 20-12-2021 *\/\n.elementor-heading-title{padding:0;margin:0;line-height:1}.elementor-widget-heading .elementor-heading-title[class*=elementor-size-]>a{color:inherit;font-size:inherit;line-height:inherit}.elementor-widget-heading .elementor-heading-title.elementor-size-small{font-size:15px}.elementor-widget-heading .elementor-heading-title.elementor-size-medium{font-size:19px}.elementor-widget-heading .elementor-heading-title.elementor-size-large{font-size:29px}.elementor-widget-heading .elementor-heading-title.elementor-size-xl{font-size:39px}.elementor-widget-heading .elementor-heading-title.elementor-size-xxl{font-size:59px}<\/style><h2 class=\"elementor-heading-title elementor-size-default\">Kofeina w ci\u0105\u017cy \u2013&nbsp;co na ten temat m\u00f3wi\u0105 badania?<\/h2>\t\t<\/div>\n\t\t\t\t<\/div>\n\t\t\t\t\t<\/div>\n\t\t<\/div>\n\t\t\t\t\t\t\t<\/div>\n\t\t<\/section>\n\t\t\t\t<section class=\"elementor-section elementor-top-section elementor-element elementor-element-d8f6b04 elementor-section-boxed elementor-section-height-default elementor-section-height-default\" data-id=\"d8f6b04\" data-element_type=\"section\">\n\t\t\t\t\t\t<div class=\"elementor-container elementor-column-gap-default\">\n\t\t\t\t\t<div class=\"elementor-column elementor-col-100 elementor-top-column elementor-element elementor-element-368fec8\" data-id=\"368fec8\" data-element_type=\"column\">\n\t\t\t<div class=\"elementor-widget-wrap elementor-element-populated\">\n\t\t\t\t\t\t\t\t<div class=\"elementor-element elementor-element-e7b06c2 elementor-widget elementor-widget-text-editor\" data-id=\"e7b06c2\" data-element_type=\"widget\" data-widget_type=\"text-editor.default\">\n\t\t\t\t<div class=\"elementor-widget-container\">\n\t\t\t\t\t\t\t<p>Kofeina jest sk\u0142adnikiem licznych produkt\u00f3w spo\u017cywczych, w tym oczywi\u015bcie kawy, ale r\u00f3wnie\u017c czekolady, herbaty, czy niekt\u00f3rych lek\u00f3w. Zbyt du\u017ce jej spo\u017cycie, niezale\u017cnie od \u017ar\u00f3d\u0142a, mo\u017ce mie\u0107 negatywny wp\u0142yw na organizm kobiety w ci\u0105\u017cy, a w konsekwencji na rozwijaj\u0105cy si\u0119 p\u0142\u00f3d. W zwi\u0105zku z tym odpowiednie zasady i umiar w <strong>picie kawy w ci\u0105\u017cy<\/strong> s\u0105 kluczowe.<\/p>\n\n<p>Dla przysz\u0142ych matek istotne jest zrozumienie wp\u0142ywu kofeiny na ci\u0105\u017c\u0119. Wed\u0142ug bada\u0144, dosy\u0107 ma\u0142a ilo\u015b\u0107 kofeiny jest w stanie przenikn\u0105\u0107 przez \u0142o\u017cysko do krwiobiegu p\u0142odu \u2013&nbsp;gdzie mo\u017ce dzia\u0142a\u0107 pobudzaj\u0105co, podobnie jak na osob\u0119 doros\u0142\u0105. St\u0105d te\u017c wskazane jest ograniczenie spo\u017cywania kofeiny w <strong>kawie dla kobiet w ci\u0105\u017cy<\/strong>. <strong>Kawa w ci\u0105\u017cy w 1 trymestrze<\/strong> jest szczeg\u00f3lnie niezalecana, gdy\u017c jest to okres najwa\u017cniejszych dla rozwoju p\u0142odu przemian i kszta\u0142towania si\u0119 narz\u0105d\u00f3w. Badania sugeruj\u0105, \u017ce nadmierna kofeina mo\u017ce zwi\u0119ksza\u0107 ryzyko poronienia czy op\u00f3\u017anienie wzrostu p\u0142odu.<\/p>\t\t\t\t\t\t<\/div>\n\t\t\t\t<\/div>\n\t\t\t\t\t<\/div>\n\t\t<\/div>\n\t\t\t\t\t\t\t<\/div>\n\t\t<\/section>\n\t\t\t\t<section class=\"elementor-section elementor-top-section elementor-element elementor-element-6d2da72 elementor-section-boxed elementor-section-height-default elementor-section-height-default\" data-id=\"6d2da72\" data-element_type=\"section\">\n\t\t\t\t\t\t<div class=\"elementor-container elementor-column-gap-default\">\n\t\t\t\t\t<div class=\"elementor-column elementor-col-100 elementor-top-column elementor-element elementor-element-49937f8\" data-id=\"49937f8\" data-element_type=\"column\">\n\t\t\t<div class=\"elementor-widget-wrap elementor-element-populated\">\n\t\t\t\t\t\t\t\t<div class=\"elementor-element elementor-element-2fa6508 elementor-widget elementor-widget-heading\" data-id=\"2fa6508\" data-element_type=\"widget\" data-widget_type=\"heading.default\">\n\t\t\t\t<div class=\"elementor-widget-container\">\n\t\t\t<h3 class=\"elementor-heading-title elementor-size-default\">Ile kawy mo\u017cna pi\u0107 w ci\u0105\u017cy?<\/h3>\t\t<\/div>\n\t\t\t\t<\/div>\n\t\t\t\t\t<\/div>\n\t\t<\/div>\n\t\t\t\t\t\t\t<\/div>\n\t\t<\/section>\n\t\t\t\t<section class=\"elementor-section elementor-top-section elementor-element elementor-element-60e5ec2 elementor-section-boxed elementor-section-height-default elementor-section-height-default\" data-id=\"60e5ec2\" data-element_type=\"section\">\n\t\t\t\t\t\t<div class=\"elementor-container elementor-column-gap-default\">\n\t\t\t\t\t<div class=\"elementor-column elementor-col-100 elementor-top-column elementor-element elementor-element-e1824d5\" data-id=\"e1824d5\" data-element_type=\"column\">\n\t\t\t<div class=\"elementor-widget-wrap elementor-element-populated\">\n\t\t\t\t\t\t\t\t<div class=\"elementor-element elementor-element-6c832ac elementor-widget elementor-widget-text-editor\" data-id=\"6c832ac\" data-element_type=\"widget\" data-widget_type=\"text-editor.default\">\n\t\t\t\t<div class=\"elementor-widget-container\">\n\t\t\t\t\t\t\t<p>Wi\u0119kszo\u015b\u0107 bada\u0144 wskazuje, \u017ce ograniczenie spo\u017cycia do oko\u0142o 200 mg kofeiny dziennie jest bezpieczne dla wi\u0119kszo\u015bci kobiet \u2013&nbsp;r\u00f3\u017cne organizacje zwi\u0105zane z opiek\u0105 zdrowotn\u0105 zazwyczaj podaj\u0105 ten pr\u00f3g jako bezpieczn\u0105 <strong>dawk\u0119 kofeiny w ci\u0105\u017cy<\/strong>. Oznacza to oko\u0142o dw\u00f3ch fili\u017canek kawy instant, jednej fili\u017canki kawy parzonej, czterech fili\u017canek herbaty czarnej lub pi\u0119ciu puszkach coli. Warto\u015bci te s\u0105 jedynie przybli\u017ceniem, zwa\u017cywszy na r\u00f3\u017cne zawarto\u015bci kofeiny w r\u00f3\u017cnych produktach \u2013&nbsp;<strong>kawa rozpuszczalna w ci\u0105\u017cy<\/strong> zni\u017ca ten wska\u017anik, a niekt\u00f3re napoje energetyczne czy espresso z naszych ulubionych <a href=\"https:\/\/caffedelmondo.pl\/12-ekspresy-do-kawy\">ekspres\u00f3w do kawy<\/a> mog\u0105 go zdecydowanie przekroczy\u0107.<\/p>\t\t\t\t\t\t<\/div>\n\t\t\t\t<\/div>\n\t\t\t\t\t<\/div>\n\t\t<\/div>\n\t\t\t\t\t\t\t<\/div>\n\t\t<\/section>\n\t\t\t\t<section class=\"elementor-section elementor-top-section elementor-element elementor-element-930c29e elementor-section-boxed elementor-section-height-default elementor-section-height-default\" data-id=\"930c29e\" data-element_type=\"section\">\n\t\t\t\t\t\t<div class=\"elementor-container elementor-column-gap-default\">\n\t\t\t\t\t<div class=\"elementor-column elementor-col-100 elementor-top-column elementor-element elementor-element-f40d561\" data-id=\"f40d561\" data-element_type=\"column\">\n\t\t\t<div class=\"elementor-widget-wrap elementor-element-populated\">\n\t\t\t\t\t\t\t\t<div class=\"elementor-element elementor-element-2001975 elementor-widget elementor-widget-heading\" data-id=\"2001975\" data-element_type=\"widget\" data-widget_type=\"heading.default\">\n\t\t\t\t<div class=\"elementor-widget-container\">\n\t\t\t<h2 class=\"elementor-heading-title elementor-size-default\">Kawa bezkofeinowa w ci\u0105\u017cy \u2013&nbsp;alternatywa dla przysz\u0142ych matek<\/h2>\t\t<\/div>\n\t\t\t\t<\/div>\n\t\t\t\t\t<\/div>\n\t\t<\/div>\n\t\t\t\t\t\t\t<\/div>\n\t\t<\/section>\n\t\t\t\t<section class=\"elementor-section elementor-top-section elementor-element elementor-element-af4751b elementor-section-boxed elementor-section-height-default elementor-section-height-default\" data-id=\"af4751b\" data-element_type=\"section\">\n\t\t\t\t\t\t<div class=\"elementor-container elementor-column-gap-default\">\n\t\t\t\t\t<div class=\"elementor-column elementor-col-100 elementor-top-column elementor-element elementor-element-6930cbc\" data-id=\"6930cbc\" data-element_type=\"column\">\n\t\t\t<div class=\"elementor-widget-wrap elementor-element-populated\">\n\t\t\t\t\t\t\t\t<div class=\"elementor-element elementor-element-458e24d elementor-widget elementor-widget-text-editor\" data-id=\"458e24d\" data-element_type=\"widget\" data-widget_type=\"text-editor.default\">\n\t\t\t\t<div class=\"elementor-widget-container\">\n\t\t\t\t\t\t\tWiele kobiet zastanawia si\u0119: <strong>jaka kaw\u0119 pi\u0107 w ci\u0105\u017cy<\/strong>? Odpowiedzi\u0105 na to pytanie mo\u017ce by\u0107 <strong>kawa bezkofeinowa w ci\u0105\u017cy<\/strong>. Zawiera ona o 97% mniej kofeiny ni\u017c zwyk\u0142a kawa, co sprawia, \u017ce stanowi ona \u015bmia\u0142y kompromis pomi\u0119dzy rezygnacj\u0105 z kawy a trosk\u0105 o zdrowie dziecka. Powszechnie dost\u0119pne s\u0105 tak\u017ce bardzo dobre jako\u015bciowo <a href=\"https:\/\/caffedelmondo.pl\/53-Ekspresy-kolbowe-do-kawy\">ekspresy do kawy kolbowe<\/a>, umo\u017cliwiaj\u0105ce przygotowanie pysznej kawy bezkofeinowej\u00a0w domowym zaciszu. Ponadto rynek kaw bezkofeinowych oferuje szeroki wyb\u00f3r smak\u00f3w i mieszanek, co pozwala na eksperymentowanie i znajdowanie idealnej kawy dla indywidualnych upodoba\u0144.\n\nKawa bezkofeinowa stanowi atrakcyjn\u0105 opcj\u0119 dla kobiet w ci\u0105\u017cy, kt\u00f3re chc\u0105 ograniczy\u0107 spo\u017cycie kofeiny, ale nie chc\u0105 rezygnowa\u0107 z przyjemno\u015bci picia kawy. Dzi\u0119ki nowoczesnym ekspresom do kawy, mo\u017cliwe jest przygotowanie wysokiej jako\u015bci kawy bezkofeinowej w domu, co mo\u017ce by\u0107 korzystne zar\u00f3wno dla zdrowia matki, jak i rozwijaj\u0105cego si\u0119 dziecka.\t\t\t\t\t\t<\/div>\n\t\t\t\t<\/div>\n\t\t\t\t\t<\/div>\n\t\t<\/div>\n\t\t\t\t\t\t\t<\/div>\n\t\t<\/section>\n\t\t\t\t<section class=\"elementor-section elementor-top-section elementor-element elementor-element-3e7b1a7 elementor-section-boxed elementor-section-height-default elementor-section-height-default\" data-id=\"3e7b1a7\" data-element_type=\"section\">\n\t\t\t\t\t\t<div class=\"elementor-container elementor-column-gap-default\">\n\t\t\t\t\t<div class=\"elementor-column elementor-col-100 elementor-top-column elementor-element elementor-element-f6f1711\" data-id=\"f6f1711\" data-element_type=\"column\">\n\t\t\t<div class=\"elementor-widget-wrap elementor-element-populated\">\n\t\t\t\t\t\t\t\t<div class=\"elementor-element elementor-element-b3c4b0b elementor-widget elementor-widget-heading\" data-id=\"b3c4b0b\" data-element_type=\"widget\" data-widget_type=\"heading.default\">\n\t\t\t\t<div class=\"elementor-widget-container\">\n\t\t\t<h3 class=\"elementor-heading-title elementor-size-default\">Fakty i mity na temat picia kawy w ci\u0105\u017cy<\/h3>\t\t<\/div>\n\t\t\t\t<\/div>\n\t\t\t\t\t<\/div>\n\t\t<\/div>\n\t\t\t\t\t\t\t<\/div>\n\t\t<\/section>\n\t\t\t\t<section class=\"elementor-section elementor-top-section elementor-element elementor-element-6989f2a elementor-section-boxed elementor-section-height-default elementor-section-height-default\" data-id=\"6989f2a\" data-element_type=\"section\">\n\t\t\t\t\t\t<div class=\"elementor-container elementor-column-gap-default\">\n\t\t\t\t\t<div class=\"elementor-column elementor-col-100 elementor-top-column elementor-element elementor-element-9704d49\" data-id=\"9704d49\" data-element_type=\"column\">\n\t\t\t<div class=\"elementor-widget-wrap elementor-element-populated\">\n\t\t\t\t\t\t\t\t<div class=\"elementor-element elementor-element-fc3473e elementor-widget elementor-widget-text-editor\" data-id=\"fc3473e\" data-element_type=\"widget\" data-widget_type=\"text-editor.default\">\n\t\t\t\t<div class=\"elementor-widget-container\">\n\t\t\t\t\t\t\t<p><strong>Picie kawy w ci\u0105\u017cy<\/strong>&nbsp;to temat, kt\u00f3ry jest obarczony&nbsp;wieloma&nbsp;mitami. Wiele przysz\u0142ych mam zastanawia si\u0119 &#8222;Czy kobieta w ci\u0105\u017cy mo\u017ce pi\u0107 kaw\u0119?&#8221;. Wbrew popularnym mitom, nie istniej\u0105 \u017cadne dowody na to, \u017ce umiarkowane spo\u017cycie kawy w ci\u0105\u017cy prowadzi do wad rozwojowych, niskiej masy urodzeniowej czy przedwczesnego porodu.&nbsp;Podczas gdy niekt\u00f3re badania sugerowa\u0142y zwi\u0105zek mi\u0119dzy spo\u017cyciem kofeiny a ni\u017csz\u0105 mas\u0105 urodzeniow\u0105, wiele z nich nie wzi\u0119\u0142o pod uwag\u0119 innych czynnik\u00f3w, takich jak dieta i styl \u017cycia.&nbsp;<\/p>\n\n<p>Picie kawy w ci\u0105\u017cy nie musi by\u0107 ca\u0142kowicie wykluczone, ale powinno by\u0107 ograniczone do umiarkowanych ilo\u015bci. Zaleca si\u0119, aby przysz\u0142e mamy konsultowa\u0142y swoje nawyki dotycz\u0105ce picia kawy ze swoim lekarzem, aby uzyska\u0107 spersonalizowan\u0105 porad\u0119.<\/p>\t\t\t\t\t\t<\/div>\n\t\t\t\t<\/div>\n\t\t\t\t\t<\/div>\n\t\t<\/div>\n\t\t\t\t\t\t\t<\/div>\n\t\t<\/section>\n\t\t\t\t<section class=\"elementor-section elementor-top-section elementor-element elementor-element-b5e5c9a elementor-section-boxed elementor-section-height-default elementor-section-height-default\" data-id=\"b5e5c9a\" data-element_type=\"section\">\n\t\t\t\t\t\t<div class=\"elementor-container elementor-column-gap-default\">\n\t\t\t\t\t<div class=\"elementor-column elementor-col-100 elementor-top-column elementor-element elementor-element-c491af1\" data-id=\"c491af1\" data-element_type=\"column\">\n\t\t\t<div class=\"elementor-widget-wrap elementor-element-populated\">\n\t\t\t\t\t\t\t\t<div class=\"elementor-element elementor-element-9925283 elementor-widget elementor-widget-heading\" data-id=\"9925283\" data-element_type=\"widget\" data-widget_type=\"heading.default\">\n\t\t\t\t<div class=\"elementor-widget-container\">\n\t\t\t<h2 class=\"elementor-heading-title elementor-size-default\">Cz\u0119sto zadawane pytani<\/h2>\t\t<\/div>\n\t\t\t\t<\/div>\n\t\t\t\t\t<\/div>\n\t\t<\/div>\n\t\t\t\t\t\t\t<\/div>\n\t\t<\/section>\n\t\t\t\t<section class=\"elementor-section elementor-top-section elementor-element elementor-element-a4f0b4f elementor-section-boxed elementor-section-height-default elementor-section-height-default\" data-id=\"a4f0b4f\" data-element_type=\"section\">\n\t\t\t\t\t\t<div class=\"elementor-container elementor-column-gap-default\">\n\t\t\t\t\t<div class=\"elementor-column elementor-col-100 elementor-top-column elementor-element elementor-element-95cb215\" data-id=\"95cb215\" data-element_type=\"column\">\n\t\t\t<div class=\"elementor-widget-wrap elementor-element-populated\">\n\t\t\t\t\t\t\t\t<div class=\"elementor-element elementor-element-cf4c486 elementor-widget elementor-widget-text-editor\" data-id=\"cf4c486\" data-element_type=\"widget\" data-widget_type=\"text-editor.default\">\n\t\t\t\t<div class=\"elementor-widget-container\">\n\t\t\t\t\t\t\t<p><strong>Czy w ci\u0105\u017cy mo\u017cna pi\u0107 kaw\u0119 rozpuszczaln\u0105 z mlekiem?<\/strong> Tak, jednak warto kontrolowa\u0107 ilo\u015b\u0107 spo\u017cywanej kofeiny.<\/p>\n\n<p><strong>Czy po porodzie mo\u017cna pi\u0107 kaw\u0119?<\/strong> Zgodnie ze zaleceniami ekspert\u00f3w, piersi\u0105 karmi\u0105ce matki mog\u0105 bezpiecznie spo\u017cywa\u0107 do 200 mg kofeiny dziennie.<\/p>\n\n<p><strong>Czy w ci\u0105\u017cy mo\u017cna pi\u0107 cappuccino?<\/strong> Tak, ale pami\u0119taj o nasyceniu kofein\u0105 w espresso, b\u0119d\u0105cego baz\u0105 tego napoju.<\/p>\n\n<p><strong>Czy w ci\u0105\u017cy mo\u017cna pi\u0107 kaw\u0119 z mlekiem?<\/strong> Tak, pod warunkiem \u017ce jest to mleko pasteryzowane.<\/p>\t\t\t\t\t\t<\/div>\n\t\t\t\t<\/div>\n\t\t\t\t\t<\/div>\n\t\t<\/div>\n\t\t\t\t\t\t\t<\/div>\n\t\t<\/section>\n\t\t\t\t<section class=\"elementor-section elementor-top-section elementor-element elementor-element-cb774f6 elementor-section-boxed elementor-section-height-default elementor-section-height-default\" data-id=\"cb774f6\" data-element_type=\"section\">\n\t\t\t\t\t\t<div class=\"elementor-container elementor-column-gap-default\">\n\t\t\t\t\t<div class=\"elementor-column elementor-col-100 elementor-top-column elementor-element elementor-element-049e263\" data-id=\"049e263\" data-element_type=\"column\">\n\t\t\t<div class=\"elementor-widget-wrap elementor-element-populated\">\n\t\t\t\t\t\t\t\t<div class=\"elementor-element elementor-element-b89e8ce elementor-widget elementor-widget-heading\" data-id=\"b89e8ce\" data-element_type=\"widget\" data-widget_type=\"heading.default\">\n\t\t\t\t<div class=\"elementor-widget-container\">\n\t\t\t<h2 class=\"elementor-heading-title elementor-size-default\">Podsumowanie \u2013&nbsp;czy mo\u017cna pi\u0107 kaw\u0119 w ci\u0105\u017cy?<\/h2>\t\t<\/div>\n\t\t\t\t<\/div>\n\t\t\t\t\t<\/div>\n\t\t<\/div>\n\t\t\t\t\t\t\t<\/div>\n\t\t<\/section>\n\t\t\t\t<section class=\"elementor-section elementor-top-section elementor-element elementor-element-d84dcf2 elementor-section-boxed elementor-section-height-default elementor-section-height-default\" data-id=\"d84dcf2\" data-element_type=\"section\">\n\t\t\t\t\t\t<div class=\"elementor-container elementor-column-gap-default\">\n\t\t\t\t\t<div class=\"elementor-column elementor-col-100 elementor-top-column elementor-element elementor-element-4e4c995\" data-id=\"4e4c995\" data-element_type=\"column\">\n\t\t\t<div class=\"elementor-widget-wrap elementor-element-populated\">\n\t\t\t\t\t\t\t\t<div class=\"elementor-element elementor-element-2b01ad7 elementor-widget elementor-widget-text-editor\" data-id=\"2b01ad7\" data-element_type=\"widget\" data-widget_type=\"text-editor.default\">\n\t\t\t\t<div class=\"elementor-widget-container\">\n\t\t\t\t\t\t\t<p><strong>Picie kawy w ci\u0105\u017cy<\/strong> jest mo\u017cliwe, jednak powinno odbywa\u0107 si\u0119 z umiarem i \u015bwiadomo\u015bci\u0105 wp\u0142ywu kofeiny na organizm. Kluczowe jest zrozumienie, \u017ce ka\u017cda ci\u0105\u017ca jest inna, a zasady mog\u0105 r\u00f3\u017cni\u0107 si\u0119 w zale\u017cno\u015bci od indywidualnych potrzeb cia\u0142a kobiety. Picie kawy w ci\u0105\u017cy jest kwesti\u0105 indywidualn\u0105 i powinno by\u0107 podejmowane z rozwag\u0105. Najwa\u017cniejsze&nbsp;jest dostosowanie spo\u017cycia kofeiny do w\u0142asnych potrzeb i mo\u017cliwo\u015bci organizmu oraz konsultacje z opiekunem medycznym w celu zapewnienia bezpiecze\u0144stwa zar\u00f3wno dla matki, jak i dziecka. W ka\u017cdym przypadku, je\u017celi masz w\u0105tpliwo\u015bci dotycz\u0105ce spo\u017cywania <strong>kawy dla kobiet w ci\u0105\u017cy<\/strong>, skonsultuj si\u0119 ze swoim lekarzem lub dietetykiem. Anga\u017cowanie si\u0119 w <a href=\"https:\/\/caffedelmondo.pl\/13-dzierzawa-ekspresow\">dzier\u017caw\u0119 ekspres\u00f3w<\/a> dla kobiet w ci\u0105\u017cy jest dobrym pomys\u0142em.<\/p>\t\t\t\t\t\t<\/div>\n\t\t\t\t<\/div>\n\t\t\t\t\t<\/div>\n\t\t<\/div>\n\t\t\t\t\t\t\t<\/div>\n\t\t<\/section>\n\t\t\t\t\t\t<\/div>\n\t\t\t\t\t<\/div>\n\t\t","protected":false},"excerpt":{"rendered":"<p>Kawa w ci\u0105\u017cy \u2013&nbsp;to temat, kt\u00f3ry porusza wiele przysz\u0142ych matek. Oboj\u0119tnie, czy jeste\u015b wielk\u0105 mi\u0142o\u015bniczk\u0105 dobrej espresso, czy te\u017c uwielbiasz zacz\u0105\u0107 dzie\u0144 od fili\u017canki aromatycznej kawy z mlekiem, pojawienie si\u0119 czerwonej kreski na te\u015bcie ci\u0105\u017cowym mo\u017ce zmusi\u0107 Ci\u0119 do przemy\u015blenia&#8230;<\/p>\n","protected":false},"author":2,"featured_media":4716,"comment_status":"open","ping_status":"open","sticky":false,"template":"","format":"standard","meta":{"footnotes":""},"categories":[1],"tags":[],"class_list":["post-4714","post","type-post","status-publish","format-standard","has-post-thumbnail","hentry","category-bez-kategorii"],"yoast_head":"<!-- This site is optimized with the Yoast SEO plugin v21.9.1 - https:\/\/yoast.com\/wordpress\/plugins\/seo\/ -->\n<title>Czy mo\u017cna pi\u0107 kaw\u0119 w ci\u0105\u017cy? - CaffeDelMondo<\/title>\n<meta name=\"description\" content=\"Zastanawiasz si\u0119 czy b\u0119d\u0105c w ci\u0105\u017cy musisz zrezygnowa\u0107 z porank\u00f3w z kaw\u0105? \u2714\ufe0f Jaki wp\u0142yw ma kofeina na Twoje dziecko ?\u2615\ufe0f Przeczytaj artyku\u0142 i dowiedz si\u0119 wi\u0119cej!\" \/>\n<meta name=\"robots\" content=\"index, follow, max-snippet:-1, max-image-preview:large, max-video-preview:-1\" \/>\n<link rel=\"canonical\" href=\"https:\/\/caffedelmondo.pl\/blog\/czy-mozna-pic-kawe-w-ciazy\/\" \/>\n<meta property=\"og:locale\" content=\"pl_PL\" \/>\n<meta property=\"og:type\" content=\"article\" \/>\n<meta property=\"og:title\" content=\"Czy mo\u017cna pi\u0107 kaw\u0119 w ci\u0105\u017cy? - CaffeDelMondo\" \/>\n<meta property=\"og:description\" content=\"Zastanawiasz si\u0119 czy b\u0119d\u0105c w ci\u0105\u017cy musisz zrezygnowa\u0107 z porank\u00f3w z kaw\u0105? \u2714\ufe0f Jaki wp\u0142yw ma kofeina na Twoje dziecko ?\u2615\ufe0f Przeczytaj artyku\u0142 i dowiedz si\u0119 wi\u0119cej!\" \/>\n<meta property=\"og:url\" content=\"https:\/\/caffedelmondo.pl\/blog\/czy-mozna-pic-kawe-w-ciazy\/\" \/>\n<meta property=\"og:site_name\" content=\"CaffeDelMondo - blog\" \/>\n<meta property=\"article:published_time\" content=\"2023-12-12T13:53:27+00:00\" \/>\n<meta property=\"article:modified_time\" content=\"2023-12-12T13:57:50+00:00\" \/>\n<meta property=\"og:image\" content=\"https:\/\/caffedelmondo.pl\/blog\/wp-content\/uploads\/2023\/12\/czy-mozna-pic-kawe-w-ciazy-scaled.jpg\" \/>\n\t<meta property=\"og:image:width\" content=\"2560\" \/>\n\t<meta property=\"og:image:height\" content=\"1707\" \/>\n\t<meta property=\"og:image:type\" content=\"image\/jpeg\" \/>\n<meta name=\"author\" content=\"cdm_account\" \/>\n<meta name=\"twitter:card\" content=\"summary_large_image\" \/>\n<meta name=\"twitter:label1\" content=\"Napisane przez\" \/>\n\t<meta name=\"twitter:data1\" content=\"cdm_account\" \/>\n\t<meta name=\"twitter:label2\" content=\"Szacowany czas czytania\" \/>\n\t<meta name=\"twitter:data2\" content=\"5 minut\" \/>\n<script type=\"application\/ld+json\" class=\"yoast-schema-graph\">{\"@context\":\"https:\/\/schema.org\",\"@graph\":[{\"@type\":\"WebPage\",\"@id\":\"https:\/\/caffedelmondo.pl\/blog\/czy-mozna-pic-kawe-w-ciazy\/\",\"url\":\"https:\/\/caffedelmondo.pl\/blog\/czy-mozna-pic-kawe-w-ciazy\/\",\"name\":\"Czy mo\u017cna pi\u0107 kaw\u0119 w ci\u0105\u017cy? - CaffeDelMondo\",\"isPartOf\":{\"@id\":\"https:\/\/caffedelmondo.pl\/blog\/#website\"},\"datePublished\":\"2023-12-12T13:53:27+00:00\",\"dateModified\":\"2023-12-12T13:57:50+00:00\",\"author\":{\"@id\":\"https:\/\/caffedelmondo.pl\/blog\/#\/schema\/person\/d34db16ed07760f317284cdaf396c1f3\"},\"description\":\"Zastanawiasz si\u0119 czy b\u0119d\u0105c w ci\u0105\u017cy musisz zrezygnowa\u0107 z porank\u00f3w z kaw\u0105? \u2714\ufe0f Jaki wp\u0142yw ma kofeina na Twoje dziecko ?\u2615\ufe0f Przeczytaj artyku\u0142 i dowiedz si\u0119 wi\u0119cej!\",\"breadcrumb\":{\"@id\":\"https:\/\/caffedelmondo.pl\/blog\/czy-mozna-pic-kawe-w-ciazy\/#breadcrumb\"},\"inLanguage\":\"pl-PL\",\"potentialAction\":[{\"@type\":\"ReadAction\",\"target\":[\"https:\/\/caffedelmondo.pl\/blog\/czy-mozna-pic-kawe-w-ciazy\/\"]}]},{\"@type\":\"BreadcrumbList\",\"@id\":\"https:\/\/caffedelmondo.pl\/blog\/czy-mozna-pic-kawe-w-ciazy\/#breadcrumb\",\"itemListElement\":[{\"@type\":\"ListItem\",\"position\":1,\"name\":\"Home\",\"item\":\"https:\/\/caffedelmondo.pl\/blog\/\"},{\"@type\":\"ListItem\",\"position\":2,\"name\":\"Czy mo\u017cna pi\u0107 kaw\u0119 w ci\u0105\u017cy?\"}]},{\"@type\":\"WebSite\",\"@id\":\"https:\/\/caffedelmondo.pl\/blog\/#website\",\"url\":\"https:\/\/caffedelmondo.pl\/blog\/\",\"name\":\"CaffeDelMondo - blog\",\"description\":\"piszemy o kawach i ekspresach\",\"potentialAction\":[{\"@type\":\"SearchAction\",\"target\":{\"@type\":\"EntryPoint\",\"urlTemplate\":\"https:\/\/caffedelmondo.pl\/blog\/?s={search_term_string}\"},\"query-input\":\"required name=search_term_string\"}],\"inLanguage\":\"pl-PL\"},{\"@type\":\"Person\",\"@id\":\"https:\/\/caffedelmondo.pl\/blog\/#\/schema\/person\/d34db16ed07760f317284cdaf396c1f3\",\"name\":\"cdm_account\",\"image\":{\"@type\":\"ImageObject\",\"inLanguage\":\"pl-PL\",\"@id\":\"https:\/\/caffedelmondo.pl\/blog\/#\/schema\/person\/image\/\",\"url\":\"https:\/\/secure.gravatar.com\/avatar\/f935945dde19f72cc1d2fa018232af2a9c3d7a53220d567455a5ec459feccb00?s=96&d=mm&r=g\",\"contentUrl\":\"https:\/\/secure.gravatar.com\/avatar\/f935945dde19f72cc1d2fa018232af2a9c3d7a53220d567455a5ec459feccb00?s=96&d=mm&r=g\",\"caption\":\"cdm_account\"},\"url\":\"https:\/\/caffedelmondo.pl\/blog\/author\/cdm_account\/\"}]}<\/script>\n<!-- \/ Yoast SEO plugin. -->","yoast_head_json":{"title":"Czy mo\u017cna pi\u0107 kaw\u0119 w ci\u0105\u017cy? - CaffeDelMondo","description":"Zastanawiasz si\u0119 czy b\u0119d\u0105c w ci\u0105\u017cy musisz zrezygnowa\u0107 z porank\u00f3w z kaw\u0105? \u2714\ufe0f Jaki wp\u0142yw ma kofeina na Twoje dziecko ?\u2615\ufe0f Przeczytaj artyku\u0142 i dowiedz si\u0119 wi\u0119cej!","robots":{"index":"index","follow":"follow","max-snippet":"max-snippet:-1","max-image-preview":"max-image-preview:large","max-video-preview":"max-video-preview:-1"},"canonical":"https:\/\/caffedelmondo.pl\/blog\/czy-mozna-pic-kawe-w-ciazy\/","og_locale":"pl_PL","og_type":"article","og_title":"Czy mo\u017cna pi\u0107 kaw\u0119 w ci\u0105\u017cy? - CaffeDelMondo","og_description":"Zastanawiasz si\u0119 czy b\u0119d\u0105c w ci\u0105\u017cy musisz zrezygnowa\u0107 z porank\u00f3w z kaw\u0105? \u2714\ufe0f Jaki wp\u0142yw ma kofeina na Twoje dziecko ?\u2615\ufe0f Przeczytaj artyku\u0142 i dowiedz si\u0119 wi\u0119cej!","og_url":"https:\/\/caffedelmondo.pl\/blog\/czy-mozna-pic-kawe-w-ciazy\/","og_site_name":"CaffeDelMondo - blog","article_published_time":"2023-12-12T13:53:27+00:00","article_modified_time":"2023-12-12T13:57:50+00:00","og_image":[{"width":2560,"height":1707,"url":"https:\/\/caffedelmondo.pl\/blog\/wp-content\/uploads\/2023\/12\/czy-mozna-pic-kawe-w-ciazy-scaled.jpg","type":"image\/jpeg"}],"author":"cdm_account","twitter_card":"summary_large_image","twitter_misc":{"Napisane przez":"cdm_account","Szacowany czas czytania":"5 minut"},"schema":{"@context":"https:\/\/schema.org","@graph":[{"@type":"WebPage","@id":"https:\/\/caffedelmondo.pl\/blog\/czy-mozna-pic-kawe-w-ciazy\/","url":"https:\/\/caffedelmondo.pl\/blog\/czy-mozna-pic-kawe-w-ciazy\/","name":"Czy mo\u017cna pi\u0107 kaw\u0119 w ci\u0105\u017cy? - CaffeDelMondo","isPartOf":{"@id":"https:\/\/caffedelmondo.pl\/blog\/#website"},"datePublished":"2023-12-12T13:53:27+00:00","dateModified":"2023-12-12T13:57:50+00:00","author":{"@id":"https:\/\/caffedelmondo.pl\/blog\/#\/schema\/person\/d34db16ed07760f317284cdaf396c1f3"},"description":"Zastanawiasz si\u0119 czy b\u0119d\u0105c w ci\u0105\u017cy musisz zrezygnowa\u0107 z porank\u00f3w z kaw\u0105? \u2714\ufe0f Jaki wp\u0142yw ma kofeina na Twoje dziecko ?\u2615\ufe0f Przeczytaj artyku\u0142 i dowiedz si\u0119 wi\u0119cej!","breadcrumb":{"@id":"https:\/\/caffedelmondo.pl\/blog\/czy-mozna-pic-kawe-w-ciazy\/#breadcrumb"},"inLanguage":"pl-PL","potentialAction":[{"@type":"ReadAction","target":["https:\/\/caffedelmondo.pl\/blog\/czy-mozna-pic-kawe-w-ciazy\/"]}]},{"@type":"BreadcrumbList","@id":"https:\/\/caffedelmondo.pl\/blog\/czy-mozna-pic-kawe-w-ciazy\/#breadcrumb","itemListElement":[{"@type":"ListItem","position":1,"name":"Home","item":"https:\/\/caffedelmondo.pl\/blog\/"},{"@type":"ListItem","position":2,"name":"Czy mo\u017cna pi\u0107 kaw\u0119 w ci\u0105\u017cy?"}]},{"@type":"WebSite","@id":"https:\/\/caffedelmondo.pl\/blog\/#website","url":"https:\/\/caffedelmondo.pl\/blog\/","name":"CaffeDelMondo - blog","description":"piszemy o kawach i ekspresach","potentialAction":[{"@type":"SearchAction","target":{"@type":"EntryPoint","urlTemplate":"https:\/\/caffedelmondo.pl\/blog\/?s={search_term_string}"},"query-input":"required name=search_term_string"}],"inLanguage":"pl-PL"},{"@type":"Person","@id":"https:\/\/caffedelmondo.pl\/blog\/#\/schema\/person\/d34db16ed07760f317284cdaf396c1f3","name":"cdm_account","image":{"@type":"ImageObject","inLanguage":"pl-PL","@id":"https:\/\/caffedelmondo.pl\/blog\/#\/schema\/person\/image\/","url":"https:\/\/secure.gravatar.com\/avatar\/f935945dde19f72cc1d2fa018232af2a9c3d7a53220d567455a5ec459feccb00?s=96&d=mm&r=g","contentUrl":"https:\/\/secure.gravatar.com\/avatar\/f935945dde19f72cc1d2fa018232af2a9c3d7a53220d567455a5ec459feccb00?s=96&d=mm&r=g","caption":"cdm_account"},"url":"https:\/\/caffedelmondo.pl\/blog\/author\/cdm_account\/"}]}},"_links":{"self":[{"href":"https:\/\/caffedelmondo.pl\/blog\/wp-json\/wp\/v2\/posts\/4714","targetHints":{"allow":["GET"]}}],"collection":[{"href":"https:\/\/caffedelmondo.pl\/blog\/wp-json\/wp\/v2\/posts"}],"about":[{"href":"https:\/\/caffedelmondo.pl\/blog\/wp-json\/wp\/v2\/types\/post"}],"author":[{"embeddable":true,"href":"https:\/\/caffedelmondo.pl\/blog\/wp-json\/wp\/v2\/users\/2"}],"replies":[{"embeddable":true,"href":"https:\/\/caffedelmondo.pl\/blog\/wp-json\/wp\/v2\/comments?post=4714"}],"version-history":[{"count":7,"href":"https:\/\/caffedelmondo.pl\/blog\/wp-json\/wp\/v2\/posts\/4714\/revisions"}],"predecessor-version":[{"id":4722,"href":"https:\/\/caffedelmondo.pl\/blog\/wp-json\/wp\/v2\/posts\/4714\/revisions\/4722"}],"wp:featuredmedia":[{"embeddable":true,"href":"https:\/\/caffedelmondo.pl\/blog\/wp-json\/wp\/v2\/media\/4716"}],"wp:attachment":[{"href":"https:\/\/caffedelmondo.pl\/blog\/wp-json\/wp\/v2\/media?parent=4714"}],"wp:term":[{"taxonomy":"category","embeddable":true,"href":"https:\/\/caffedelmondo.pl\/blog\/wp-json\/wp\/v2\/categories?post=4714"},{"taxonomy":"post_tag","embeddable":true,"href":"https:\/\/caffedelmondo.pl\/blog\/wp-json\/wp\/v2\/tags?post=4714"}],"curies":[{"name":"wp","href":"https:\/\/api.w.org\/{rel}","templated":true}]}}